{"id":19283,"date":"2018-05-12T14:00:55","date_gmt":"2018-05-12T12:00:55","guid":{"rendered":"http:\/\/www.messinaoggi.it\/website\/?p=19283"},"modified":"2018-05-12T14:00:55","modified_gmt":"2018-05-12T12:00:55","slug":"arrestato-messinese-per-evasione-dai-domiciliari-per-due-calabresi-che-erano-con-lui-foglio-di-via-obbligatorio","status":"publish","type":"post","link":"https:\/\/www.messinaoggi.it\/website\/2018\/05\/12\/arrestato-messinese-per-evasione-dai-domiciliari-per-due-calabresi-che-erano-con-lui-foglio-di-via-obbligatorio\/","title":{"rendered":"Arrestato messinese per evasione dai domiciliari. Per due calabresi che erano con lui foglio di via obbligatorio"},"content":{"rendered":"<p align=\"JUSTIFY\"><span style=\"font-family: Arial, sans-serif\">Si erano dati appuntamento in prossimit\u00e0 del Giardino Corallo. Pensavano di passare inosservati, ma in realt\u00e0 erano stati gi\u00e0 notati <span style=\"font-family: Arial, sans-serif\">mentre confabulavano tra loro con fare circospetto\u00a0<\/span>dagli operatori di Polizia. Un sospetto questo divenuto sempre pi\u00f9 forte quando i tre si sono immediatamente separati quando hanno visto gli agenti avvicinarsi verso loro.<\/span><div id=\"div-gpt-ad-Messinaoggi.it-DSK-300x250-corpoart\" style=\"text-align:center;margin:0 auto;\"><\/div><\/p>\n<p align=\"JUSTIFY\"><span style=\"font-family: Arial, sans-serif\">Dopo un breve inseguimento veniva bloccato il primo soggetto, il quale aveva con s\u00e9 un braccialetto elettronico apposto alla caviglia. Dall\u2019accurato controllo documentale \u00e8 emerso che l&#8217;uomo era sottoposto alla misura degli arresti domiciliari con permesso di recarsi a lavoro tutti i giorni in una fascia oraria comprensiva di quella in cui il fermato veniva intercettato.\u00a0<\/span><span style=\"font-family: Arial, sans-serif\">Per tali ragioni, considerata la flagranza del reato di evasione, \u00e8 stato arrestato Filippo Cannav\u00f2, messinese di anni 36.<\/span><div id=\"videoincontent\" style=\"clear:both\";><\/div><\/p>\n<p align=\"JUSTIFY\"><span style=\"font-family: Arial, sans-serif\">Quanto agli altri due, uno, che aveva cercato di confondersi tra la folla in attesa alla fermata del tram, veniva bloccato, grazie anche all\u2019ausilio di una pattuglia del gruppo aeronavale della Gdf e trovato sprovvisto di documenti, nonch\u00e9 con milletrecento euro circa nella tasca dei jeans. Condotto presso gli Uffici di Polizia, risultava gravato da numerosi e gravi precedenti penali.<\/span><\/p>\n<p align=\"JUSTIFY\"><span style=\"font-family: Arial, sans-serif\">L\u2019altro, che per sfuggire ai poliziotti si era addirittura gettato a mare in un tratto adiacente l\u2019area della fiera in cui l\u2019acqua non raggiuge comunque una profondit\u00e0 significativa, veniva raggiunto su Viale Giostra anch\u2019esso sprovvisto di documenti e non privo di altrettanti e gravi precedenti penali. Per entrambi, di origine calabrese, il Questore di Messina, Mario Finocchiaro, disponeva il foglio di via obbligatorio con divieto di rientro nel comune di Messina della durata di un anno. <\/span><\/p>\n","protected":false},"excerpt":{"rendered":"<p>Si erano dati appuntamento in prossimit\u00e0 del Giardino Corallo. Pensavano di passare inosservati, ma in realt\u00e0 erano stati gi\u00e0 notati mentre confabulavano tra loro con fare circospetto\u00a0dagli operatori di Polizia. Un sospetto questo divenuto sempre pi\u00f9 forte quando i tre si sono immediatamente separati quando hanno visto gli agenti avvicinarsi verso loro. Dopo un breve [&hellip;]<\/p>\n","protected":false},"author":8,"featured_media":17952,"comment_status":"closed","ping_status":"open","sticky":false,"template":"","format":"standard","meta":{"ub_ctt_via":"","_mi_skip_tracking":false},"categories":[5],"tags":[],"featured_image_src":"https:\/\/www.messinaoggi.it\/website\/wp-content\/uploads\/2018\/04\/volante-polizia-1.jpg","author_info":{"display_name":"red..me","author_link":"https:\/\/www.messinaoggi.it\/website\/author\/redstage\/"},"digistream_id":0,"digistream":false,"_links":{"self":[{"href":"https:\/\/www.messinaoggi.it\/website\/wp-json\/wp\/v2\/posts\/19283"}],"collection":[{"href":"https:\/\/www.messinaoggi.it\/website\/wp-json\/wp\/v2\/posts"}],"about":[{"href":"https:\/\/www.messinaoggi.it\/website\/wp-json\/wp\/v2\/types\/post"}],"author":[{"embeddable":true,"href":"https:\/\/www.messinaoggi.it\/website\/wp-json\/wp\/v2\/users\/8"}],"replies":[{"embeddable":true,"href":"https:\/\/www.messinaoggi.it\/website\/wp-json\/wp\/v2\/comments?post=19283"}],"version-history":[{"count":0,"href":"https:\/\/www.messinaoggi.it\/website\/wp-json\/wp\/v2\/posts\/19283\/revisions"}],"wp:featuredmedia":[{"embeddable":true,"href":"https:\/\/www.messinaoggi.it\/website\/wp-json\/wp\/v2\/media\/17952"}],"wp:attachment":[{"href":"https:\/\/www.messinaoggi.it\/website\/wp-json\/wp\/v2\/media?parent=19283"}],"wp:term":[{"taxonomy":"category","embeddable":true,"href":"https:\/\/www.messinaoggi.it\/website\/wp-json\/wp\/v2\/categories?post=19283"},{"taxonomy":"post_tag","embeddable":true,"href":"https:\/\/www.messinaoggi.it\/website\/wp-json\/wp\/v2\/tags?post=19283"}],"curies":[{"name":"wp","href":"https:\/\/api.w.org\/{rel}","templated":true}]}}