{"id":192825,"date":"2024-03-28T20:08:03","date_gmt":"2024-03-28T19:08:03","guid":{"rendered":"https:\/\/www.messinaoggi.it\/website\/2024\/03\/28\/valditara-integrazione-piu-facile-se-in-classe-maggioranza-italiani\/"},"modified":"2024-03-28T20:08:03","modified_gmt":"2024-03-28T19:08:03","slug":"valditara-integrazione-piu-facile-se-in-classe-maggioranza-italiani","status":"publish","type":"post","link":"https:\/\/www.messinaoggi.it\/website\/2024\/03\/28\/valditara-integrazione-piu-facile-se-in-classe-maggioranza-italiani\/","title":{"rendered":"Valditara \u201cIntegrazione pi\u00f9 facile se in classe maggioranza italiani\u201d"},"content":{"rendered":"<div>ROMA (ITALPRESS) &#8211; &#8220;Se si \u00e8 d&#8217;accordo che gli stranieri si assimilino sui valori fondamentali iscritti nella Costituzione, ci\u00f2 avverr\u00e0 pi\u00f9 facilmente se nelle classi la maggioranza sar\u00e0 di italiani, se studieranno in modo potenziato l&#8217;italiano laddove gi\u00e0 non lo conoscano bene, se nelle scuole si insegni approfonditamente la storia, la letteratura, l&#8217;arte, la musica italiana, se i genitori saranno coinvolti pure loro nell&#8217;apprendimento della lingua e della cultura italiana e se non vivranno in comunit\u00e0 separate. E&#8217; in questa direzione che noi intendiamo muoverci&#8221;. Cos\u00ec su X il ministro dell&#8217;Istruzione e del Merito, Giuseppe Valditara. &#8220;L&#8217;inclusione &#8211; scrive il ministro in un altro post sempre su X &#8211; pu\u00f2 avvenire assimilando i nuovi arrivati sui valori fondamentali, quelli che sono racchiusi nella Costituzione e che appartengono alla identit\u00e0 di chi accoglie, oppure realizzando la societ\u00e0 del melting pot dove ognuno pensa e fa ci\u00f2 che vuole. La prima societ\u00e0 ha un futuro ordinato e prospero, la seconda ha di fronte a s\u00e8 la disgregazione e il caos&#8221;.<br \/>(ITALPRESS).<br \/>&#8211; Foto: Agenzia Fotogramma &#8211;<\/div>\n<div id=\"div-gpt-ad-Messinaoggi.it-DSK-300x250-corpoart\" style=\"text-align:center;margin:0 auto;\"><\/div><\/p><div id=\"videoincontent\" style=\"clear:both\";><\/div>","protected":false},"excerpt":{"rendered":"<p>ROMA (ITALPRESS) &#8211; &#8220;Se si \u00e8 d&#8217;accordo che gli stranieri si assimilino sui valori fondamentali iscritti nella Costituzione, ci\u00f2 avverr\u00e0 pi\u00f9 facilmente se nelle classi la maggioranza sar\u00e0 di italiani, se studieranno in modo potenziato l&#8217;italiano laddove gi\u00e0 non lo conoscano bene, se nelle scuole si insegni approfonditamente la storia, la letteratura, l&#8217;arte, la musica [&hellip;]<\/p>\n","protected":false},"author":18,"featured_media":192826,"comment_status":"closed","ping_status":"closed","sticky":false,"template":"","format":"standard","meta":{"ub_ctt_via":"","_mi_skip_tracking":false},"categories":[446],"tags":[783],"featured_image_src":"https:\/\/www.messinaoggi.it\/website\/wp-content\/uploads\/2024\/03\/20240328_1723.jpg","author_info":{"display_name":"Admin","author_link":"https:\/\/www.messinaoggi.it\/website\/author\/admin\/"},"digistream_id":0,"digistream":false,"_links":{"self":[{"href":"https:\/\/www.messinaoggi.it\/website\/wp-json\/wp\/v2\/posts\/192825"}],"collection":[{"href":"https:\/\/www.messinaoggi.it\/website\/wp-json\/wp\/v2\/posts"}],"about":[{"href":"https:\/\/www.messinaoggi.it\/website\/wp-json\/wp\/v2\/types\/post"}],"author":[{"embeddable":true,"href":"https:\/\/www.messinaoggi.it\/website\/wp-json\/wp\/v2\/users\/18"}],"replies":[{"embeddable":true,"href":"https:\/\/www.messinaoggi.it\/website\/wp-json\/wp\/v2\/comments?post=192825"}],"version-history":[{"count":0,"href":"https:\/\/www.messinaoggi.it\/website\/wp-json\/wp\/v2\/posts\/192825\/revisions"}],"wp:featuredmedia":[{"embeddable":true,"href":"https:\/\/www.messinaoggi.it\/website\/wp-json\/wp\/v2\/media\/192826"}],"wp:attachment":[{"href":"https:\/\/www.messinaoggi.it\/website\/wp-json\/wp\/v2\/media?parent=192825"}],"wp:term":[{"taxonomy":"category","embeddable":true,"href":"https:\/\/www.messinaoggi.it\/website\/wp-json\/wp\/v2\/categories?post=192825"},{"taxonomy":"post_tag","embeddable":true,"href":"https:\/\/www.messinaoggi.it\/website\/wp-json\/wp\/v2\/tags?post=192825"}],"curies":[{"name":"wp","href":"https:\/\/api.w.org\/{rel}","templated":true}]}}