{"id":192617,"date":"2024-03-27T16:04:07","date_gmt":"2024-03-27T15:04:07","guid":{"rendered":"http:\/\/www.messinaoggi.it\/website\/?p=192617"},"modified":"2024-03-27T16:04:22","modified_gmt":"2024-03-27T15:04:22","slug":"bonelli-messina-sara-paralizzata-dal-ponte","status":"publish","type":"post","link":"https:\/\/www.messinaoggi.it\/website\/2024\/03\/27\/bonelli-messina-sara-paralizzata-dal-ponte\/","title":{"rendered":"Bonelli: &#8220;Messina sar\u00e0 paralizzata dal Ponte&#8221;"},"content":{"rendered":"\n<p>Sta accadendo che dall\u2019alto si vuole stravolgere il tessuto sociale e urbanistico della citt\u00e0 e nessuno racconta la verit\u00e0 su ci\u00f2 che accadr\u00e0 nei prossimi 10-20 anni a Messina\u201d. Ad affermarlo \u00e8 Angelo Bonelli, leader di Europa Verde, ascoltato al Comune di Messina dalla commissione Ponte. \u201cSi tratta \u2013 ha aggiunto Bonelli \u2013 di un\u2019opera infinita che prevede espropri e demolizioni di case anche per chi abita in quei posti da molti anni. Oggi porter\u00f2 alla commissione tutta una serie di questioni che fanno emergere come non esiste ancora un progetto vero e si sta giocando con i soldi pubblici dello Stato. Ci sono poi le osservazioni del comitato scientifico che avrebbero dovuto portare al non accoglimento delle proposte di Eurolink e a un rinvio quanto meno. Invece, c\u2019\u00e8 una grande forzatura del ministro Salvini che si sta assumendo una responsabilit\u00e0 incredibile\u201d.<br>\u201cQuesta \u00e8 una citt\u00e0 che verr\u00e0 paralizzata per realizzare un\u2019opera i cui benefici ancora non sono stati dimostrati, anzi non c\u2019\u00e8 proprio un\u2019analisi costi-benefici, non esiste un computo economico dell\u2019opera \u2013 ha sostenuto -. Si sta andando avanti alla carlona e si sta determinando un rapporto che costringer\u00e0 lo Stato a essere legato con il consorzio Eurolink per i prossimi decenni. Chi paga? Saranno sicuramente gli italiani e questo \u00e8 un problema molto serio rispetto alle priorit\u00e0 della Sicilia.<br>\u201cNoi andremo avanti in maniera determinata a contrastare quest\u2019opera. Gi\u00e0 l\u2019ho detto a Ciucci che non lo lascer\u00f2 respirare e diventer\u00f2 il suo incubo. Stiamo lavorando a un\u2019integrazione dell\u2019esposto e nelle prossime settimane lo renderemo pubblico. Ci sono elementi \u2013 ha aggiunto Bonelli \u2013 importantissimi che si stanno evidenziando nella procedura che \u00e8 messa in opera a partire dalle osservazioni del comitato scientifico del ponte sullo Stretto che sono estremamente preoccupanti. In qualsiasi altro Paese d\u2019Europa qualsiasi ministro avrebbe detto stop voglio vederci chiaro, non funziona cos\u00ec in Italia\u201d.<div id=\"div-gpt-ad-Messinaoggi.it-DSK-300x250-corpoart\" style=\"text-align:center;margin:0 auto;\"><\/div><\/p>\n<div id=\"videoincontent\" style=\"clear:both\";><\/div>","protected":false},"excerpt":{"rendered":"<p>Sta accadendo che dall\u2019alto si vuole stravolgere il tessuto sociale e urbanistico della citt\u00e0 e nessuno racconta la verit\u00e0 su ci\u00f2 che accadr\u00e0 nei prossimi 10-20 anni a Messina\u201d. Ad affermarlo \u00e8 Angelo Bonelli, leader di Europa Verde, ascoltato al Comune di Messina dalla commissione Ponte. \u201cSi tratta \u2013 ha aggiunto Bonelli \u2013 di un\u2019opera [&hellip;]<\/p>\n","protected":false},"author":4,"featured_media":150262,"comment_status":"open","ping_status":"open","sticky":false,"template":"","format":"standard","meta":{"ub_ctt_via":"","_mi_skip_tracking":false},"categories":[19],"tags":[7370,7298],"featured_image_src":"https:\/\/www.messinaoggi.it\/website\/wp-content\/uploads\/2023\/04\/0-1-6.jpg","author_info":{"display_name":"redme","author_link":"https:\/\/www.messinaoggi.it\/website\/author\/redme\/"},"digistream_id":0,"digistream":false,"_links":{"self":[{"href":"https:\/\/www.messinaoggi.it\/website\/wp-json\/wp\/v2\/posts\/192617"}],"collection":[{"href":"https:\/\/www.messinaoggi.it\/website\/wp-json\/wp\/v2\/posts"}],"about":[{"href":"https:\/\/www.messinaoggi.it\/website\/wp-json\/wp\/v2\/types\/post"}],"author":[{"embeddable":true,"href":"https:\/\/www.messinaoggi.it\/website\/wp-json\/wp\/v2\/users\/4"}],"replies":[{"embeddable":true,"href":"https:\/\/www.messinaoggi.it\/website\/wp-json\/wp\/v2\/comments?post=192617"}],"version-history":[{"count":1,"href":"https:\/\/www.messinaoggi.it\/website\/wp-json\/wp\/v2\/posts\/192617\/revisions"}],"predecessor-version":[{"id":192618,"href":"https:\/\/www.messinaoggi.it\/website\/wp-json\/wp\/v2\/posts\/192617\/revisions\/192618"}],"wp:featuredmedia":[{"embeddable":true,"href":"https:\/\/www.messinaoggi.it\/website\/wp-json\/wp\/v2\/media\/150262"}],"wp:attachment":[{"href":"https:\/\/www.messinaoggi.it\/website\/wp-json\/wp\/v2\/media?parent=192617"}],"wp:term":[{"taxonomy":"category","embeddable":true,"href":"https:\/\/www.messinaoggi.it\/website\/wp-json\/wp\/v2\/categories?post=192617"},{"taxonomy":"post_tag","embeddable":true,"href":"https:\/\/www.messinaoggi.it\/website\/wp-json\/wp\/v2\/tags?post=192617"}],"curies":[{"name":"wp","href":"https:\/\/api.w.org\/{rel}","templated":true}]}}