{"id":19260,"date":"2018-05-12T09:11:54","date_gmt":"2018-05-12T07:11:54","guid":{"rendered":"http:\/\/www.messinaoggi.it\/website\/?p=19260"},"modified":"2018-05-12T09:11:54","modified_gmt":"2018-05-12T07:11:54","slug":"migranti-il-comune-apre-tre-strutture-dedicate-ai-minori","status":"publish","type":"post","link":"https:\/\/www.messinaoggi.it\/website\/2018\/05\/12\/migranti-il-comune-apre-tre-strutture-dedicate-ai-minori\/","title":{"rendered":"Migranti, il Comune apre tre strutture dedicate ai minori"},"content":{"rendered":"<p>Il Comune di Messina continua ad estendere in citt\u00e0 la pratica dell\u2019accoglienza diffusa. L\u2019adesione al sistema SPRAR, promossa dall\u2019assessore alle Politiche sociali, Nina Santisi, consente\u00a0l\u2019apertura di tre nuove strutture dedicate ai migranti minori, oltre quelle gi\u00e0 presenti destinate ai migranti adulti e nuclei familiari (SPRAR \u201cOrdinari\u201d), oltre a migranti adulti\/e con particolari fragilit\u00e0 (SPRAR \u201cVulnerabili\u201d).<br \/>\nI beneficiari, migranti non accompagnati, sono accolti in tre distinte strutture, accreditate e autorizzate, situate nelle zone nord, centro e sud della citt\u00e0, gestite dalle cooperative sociali \u201cMedihospes\u201d e Utopia-OXFAM. La prima struttura \u201cCasa Tour\u00e8\u201d accoglie 10 minori, la seconda \u201cCasa Michelle\u201d ne accoglie 15, la terza ne accoglie 10, per un totale di 35 ragazzi.<br \/>\nI minori accolti in struttura provengono dai centri di primissima accoglienza e sono sbarcati nei principali porti siciliani. All\u2019interno delle tre strutture sono impegnate 43 figure professionali (educatori, psicologi, operatori legali, mediatori, insegnanti di lingua italiana).\u00a0<a class=\"matchTooltip\">Domani<\/a>, sabato 12, alle ore 9.30, nei locali della Biblioteca comunale, al primo piano del Palacultura di viale Boccetta, si celebrer\u00e0 il patto di accoglienza in citt\u00e0 dei nuovi ospiti. L\u2019evento si preger\u00e0 della presenza di un testimonial d\u2019eccezione, Francesco Ohazuruike, autore del libro \u201cNegro. La verit\u00e0 \u00e8 che non potete fare a meno di noi\u201d. Francesco Ohazuruike \u00e8 un ingegnere chimico, nato a Catania nel 1982 da genitori nigeriani emigrati in Italia a met\u00e0 degli anni Settanta, che ha studiato in Sicilia e si \u00e8 poi trasferito a Torino. Come cita nel libro, la sua infanzia \u00e8 stata segnata da pregiudizi e da queste esperienze ha imparato il valore delle relazioni.<br \/>\n\u201cL\u2019evento \u2013 ha dichiarato l\u2019assessore Santisi \u2013 \u00e8 l\u2019occasione per ribadire che la citt\u00e0 di Messina \u00e8 consapevolmente impegnata non solo nell\u2019accoglienza, ma soprattutto nei processi inclusivi che guardano al futuro delle nuove generazioni\u201d.<div id=\"div-gpt-ad-Messinaoggi.it-DSK-300x250-corpoart\" style=\"text-align:center;margin:0 auto;\"><\/div><\/p>\n<div id=\"videoincontent\" style=\"clear:both\";><\/div>","protected":false},"excerpt":{"rendered":"<p>Il Comune di Messina continua ad estendere in citt\u00e0 la pratica dell\u2019accoglienza diffusa. L\u2019adesione al sistema SPRAR, promossa dall\u2019assessore alle Politiche sociali, Nina Santisi, consente\u00a0l\u2019apertura di tre nuove strutture dedicate ai migranti minori, oltre quelle gi\u00e0 presenti destinate ai migranti adulti e nuclei familiari (SPRAR \u201cOrdinari\u201d), oltre a migranti adulti\/e con particolari fragilit\u00e0 (SPRAR \u201cVulnerabili\u201d). [&hellip;]<\/p>\n","protected":false},"author":4,"featured_media":1534,"comment_status":"closed","ping_status":"open","sticky":false,"template":"","format":"standard","meta":{"ub_ctt_via":"","_mi_skip_tracking":false},"categories":[5],"tags":[],"featured_image_src":"https:\/\/www.messinaoggi.it\/website\/wp-content\/uploads\/2017\/06\/1628ok_0572-2.jpg","author_info":{"display_name":"redme","author_link":"https:\/\/www.messinaoggi.it\/website\/author\/redme\/"},"digistream_id":0,"digistream":false,"_links":{"self":[{"href":"https:\/\/www.messinaoggi.it\/website\/wp-json\/wp\/v2\/posts\/19260"}],"collection":[{"href":"https:\/\/www.messinaoggi.it\/website\/wp-json\/wp\/v2\/posts"}],"about":[{"href":"https:\/\/www.messinaoggi.it\/website\/wp-json\/wp\/v2\/types\/post"}],"author":[{"embeddable":true,"href":"https:\/\/www.messinaoggi.it\/website\/wp-json\/wp\/v2\/users\/4"}],"replies":[{"embeddable":true,"href":"https:\/\/www.messinaoggi.it\/website\/wp-json\/wp\/v2\/comments?post=19260"}],"version-history":[{"count":0,"href":"https:\/\/www.messinaoggi.it\/website\/wp-json\/wp\/v2\/posts\/19260\/revisions"}],"wp:featuredmedia":[{"embeddable":true,"href":"https:\/\/www.messinaoggi.it\/website\/wp-json\/wp\/v2\/media\/1534"}],"wp:attachment":[{"href":"https:\/\/www.messinaoggi.it\/website\/wp-json\/wp\/v2\/media?parent=19260"}],"wp:term":[{"taxonomy":"category","embeddable":true,"href":"https:\/\/www.messinaoggi.it\/website\/wp-json\/wp\/v2\/categories?post=19260"},{"taxonomy":"post_tag","embeddable":true,"href":"https:\/\/www.messinaoggi.it\/website\/wp-json\/wp\/v2\/tags?post=19260"}],"curies":[{"name":"wp","href":"https:\/\/api.w.org\/{rel}","templated":true}]}}