{"id":192594,"date":"2024-03-27T08:37:47","date_gmt":"2024-03-27T07:37:47","guid":{"rendered":"http:\/\/www.messinaoggi.it\/website\/?p=192594"},"modified":"2024-03-27T08:37:52","modified_gmt":"2024-03-27T07:37:52","slug":"incidenti-stradali-si-riunisce-losservatorio-in-prefettura","status":"publish","type":"post","link":"https:\/\/www.messinaoggi.it\/website\/2024\/03\/27\/incidenti-stradali-si-riunisce-losservatorio-in-prefettura\/","title":{"rendered":"Incidenti stradali, si riunisce l&#8217;Osservatorio in Prefettura"},"content":{"rendered":"\n<p>Proseguono i lavori dell\u2019Osservatorio per il monitoraggio e la pianificazione di interventi sulla incidentalit\u00e0 stradale, costituito presso la Prefettura di Messina nell\u2019ambito della Conferenza provinciale permanente. L&#8217;obiettivo \u00e8 realizzare un monitoraggio dell\u2019andamento degli incidenti stradali e di analizzare le cause degli stessi e le possibili iniziative da intraprendere relativamente a tale fenomeno. Ieri, in particolare, il Palazzo del Governo ha ospitato una riunione presieduta dal prefetto Cosima di Stani, convocata a seguito dei sinistri mortali verificatisi a Messina nelle ultime settimane e che hanno destato particolare preoccupazione sul fenomeno dell\u2019incidentalit\u00e0 in ambito cittadino.<div id=\"div-gpt-ad-Messinaoggi.it-DSK-300x250-corpoart\" style=\"text-align:center;margin:0 auto;\"><\/div><\/p>\n\n\n\n<p>All\u2019incontro hanno partecipato i rappresentanti del comune di Messina, della Questura, del Comando provinciale dei Carabinieri, del Comando provinciale della Guardia di Finanza, del Comando provinciale dei vigili del fuoco, della Polizia municipale, della Polizia metropolitana, della Sezione della Polizia Stradale, dell\u2019ufficio provinciale della Motorizzazione civile, dell\u2019ANAS, del CAS, della Centrale operativa del 118 e dell\u2019ASP. Il prefetto, in apertura di riunione, ha evidenziato l\u2019importanza di avviare una riflessione sul tema della sicurezza stradale e sul contributo che questa offre alla percezione di sicurezza generale da parte della cittadinanza.<div id=\"videoincontent\" style=\"clear:both\";><\/div><\/p>\n\n\n\n<p>Le forze di polizia presenti all\u2019incontro, nel confermare i preoccupanti dati sui sinistri occorsi di recente, hanno riferito che la principale causa di incidentalit\u00e0 \u00e8 rappresentata dall\u2019eccesso di velocit\u00e0, fattore che, peraltro, rende pi\u00f9 gravi gli effetti degli incidenti provocati da altre violazioni o dalla distrazione alla guida dei conducenti. Un altro dato emerso all\u2019incontro riguarda la fascia oraria nella quale si registra un maggior numero di sinistri, ossia quella giornaliera, che induce a riflettere sulla circostanza per cui, pi\u00f9 che a carenze strutturali delle strade o a ridotte condizioni di visibilit\u00e0, la maggiore incidentalit\u00e0 \u00e8 dovuta alla disattenzione alle regole del Codice della Strada da parte di molti utenti. A tal proposito, grande rilevanza \u00e8 stata data al tema dell\u2019educazione stradale ed alla necessit\u00e0 di adottare efficaci campagne di sensibilizzazione dei conducenti, anche mediante il coinvolgimento della stampa.<\/p>\n\n\n\n<p>Nel corso della riunione \u00e8 emersa l\u2019esigenza di intensificare i controlli in citt\u00e0 mediante l\u2019intervento di un maggior numero di pattuglie della Polizia locale, al fine di contrastare non soltanto l\u2019eccesso di velocit\u00e0 \u2013 anche mediante l\u2019utilizzo di dispositivi elettronici \u2013 ma anche i comportamenti scorretti alla guida, quale, in via esemplificativa, l\u2019utilizzo degli smartphone, che rappresenta una causa di distrazione dalla guida. Sono state vagliate, inoltre, diverse soluzioni di carattere strutturale per limitare l\u2019eccesso di velocit\u00e0, che possono essere attuate in tempi brevi e con costi contenuti per l\u2019Amministrazione comunale, quali: attraversamenti pedonali presegnalati, revisione o installazione dei semafori pedonali, dissuasori luminosi e bande ottiche, bande rumorose di segnalazione in prossimit\u00e0 degli attraversamenti pedonali e degli incroci, infovelox, installazione di sistemi photored al fine di rilevare il passaggio vietato con luce rossa e di indurre l\u2019automobilista a rallentare in prossimit\u00e0 del semaforo.<\/p>\n\n\n\n<p>In conclusione, il prefetto ha ringraziato tutti i partecipanti per i preziosi contributi offerti e ha proposto l\u2019istituzione di un gruppo di lavoro ristretto, in seno all\u2019Osservatorio, composto da Polizia municipale, Polizia metropolitana, Sezione di Polizia stradale, ANAS, che uniranno le loro competenze tecniche al fine di individuare i punti di maggiore sinistrosit\u00e0 e di proporre le soluzioni che meglio si adattano al tipo di strada e alla tipologia di utenti.<\/p>\n","protected":false},"excerpt":{"rendered":"<p>Proseguono i lavori dell\u2019Osservatorio per il monitoraggio e la pianificazione di interventi sulla incidentalit\u00e0 stradale, costituito presso la Prefettura di Messina nell\u2019ambito della Conferenza provinciale permanente. L&#8217;obiettivo \u00e8 realizzare un monitoraggio dell\u2019andamento degli incidenti stradali e di analizzare le cause degli stessi e le possibili iniziative da intraprendere relativamente a tale fenomeno. Ieri, in particolare, [&hellip;]<\/p>\n","protected":false},"author":8,"featured_media":192595,"comment_status":"open","ping_status":"open","sticky":false,"template":"","format":"standard","meta":{"ub_ctt_via":"","_mi_skip_tracking":false},"categories":[5],"tags":[9436,710],"featured_image_src":"https:\/\/www.messinaoggi.it\/website\/wp-content\/uploads\/2024\/03\/PHOTO-2024-03-26-18-52-39.jpg","author_info":{"display_name":"red..me","author_link":"https:\/\/www.messinaoggi.it\/website\/author\/redstage\/"},"digistream_id":0,"digistream":false,"_links":{"self":[{"href":"https:\/\/www.messinaoggi.it\/website\/wp-json\/wp\/v2\/posts\/192594"}],"collection":[{"href":"https:\/\/www.messinaoggi.it\/website\/wp-json\/wp\/v2\/posts"}],"about":[{"href":"https:\/\/www.messinaoggi.it\/website\/wp-json\/wp\/v2\/types\/post"}],"author":[{"embeddable":true,"href":"https:\/\/www.messinaoggi.it\/website\/wp-json\/wp\/v2\/users\/8"}],"replies":[{"embeddable":true,"href":"https:\/\/www.messinaoggi.it\/website\/wp-json\/wp\/v2\/comments?post=192594"}],"version-history":[{"count":1,"href":"https:\/\/www.messinaoggi.it\/website\/wp-json\/wp\/v2\/posts\/192594\/revisions"}],"predecessor-version":[{"id":192596,"href":"https:\/\/www.messinaoggi.it\/website\/wp-json\/wp\/v2\/posts\/192594\/revisions\/192596"}],"wp:featuredmedia":[{"embeddable":true,"href":"https:\/\/www.messinaoggi.it\/website\/wp-json\/wp\/v2\/media\/192595"}],"wp:attachment":[{"href":"https:\/\/www.messinaoggi.it\/website\/wp-json\/wp\/v2\/media?parent=192594"}],"wp:term":[{"taxonomy":"category","embeddable":true,"href":"https:\/\/www.messinaoggi.it\/website\/wp-json\/wp\/v2\/categories?post=192594"},{"taxonomy":"post_tag","embeddable":true,"href":"https:\/\/www.messinaoggi.it\/website\/wp-json\/wp\/v2\/tags?post=192594"}],"curies":[{"name":"wp","href":"https:\/\/api.w.org\/{rel}","templated":true}]}}