{"id":192436,"date":"2024-03-26T00:07:59","date_gmt":"2024-03-25T23:07:59","guid":{"rendered":"https:\/\/www.messinaoggi.it\/website\/2024\/03\/26\/terrorismo-piantedosi-rafforzate-le-misure-di-prevenzione\/"},"modified":"2024-03-26T09:00:35","modified_gmt":"2024-03-26T08:00:35","slug":"terrorismo-piantedosi-rafforzate-le-misure-di-prevenzione","status":"publish","type":"post","link":"https:\/\/www.messinaoggi.it\/website\/2024\/03\/26\/terrorismo-piantedosi-rafforzate-le-misure-di-prevenzione\/","title":{"rendered":"Terrorismo, Piantedosi \u201cRafforzate le misure di prevenzione\u201d"},"content":{"rendered":"<div>PALERMO (ITALPRESS) &#8211; &#8220;Nella riunione di oggi con il Comitato per l&#8217;ordine e la sicurezza pubblica abbiamo fatto una disamina dei rischi: l&#8217;Italia offre uno scenario diverso da altri paesi, ma abbiamo comunque attuato un lavoro di prevenzione rafforzando misure di sicurezza che comunque dopo il 7 ottobre erano gi\u00e0 molto alte&#8221;. Lo sottolinea a Tg2 Post il ministro dell&#8217;Interno Matteo Piantedosi. &#8220;La nostra attenzione \u00e8 soprattutto sul fenomeno della radicalizzazione spontanea, vogliamo intercettare ogni minaccia possibile: solo nel 2023 abbiamo attuato 77 misure di espulsione nei confronti di soggetti considerati potenziali estremisti&#8221;, aggiunge Piantedosi. &#8220;La radicalizzazione avviene principalmente sul web, \u00e8 un problema che coinvolge tutta Europa: sono minacce serie e insidiose, ma le nostre forze di polizia sono un&#8217;eccellenza in tutto il mondo e abbiamo personale a sufficienza per contrastare questa minaccia. Tuttavia, non per questo diminuiremo l&#8217;attenzione. Dopo il riacutizzarsi del conflitto israelo-palestinese abbiamo individuato numerosi obiettivi sensibili, 250 dei quali di matrice ebraica &#8211; continua Piantedosi, &#8211; Oggi c&#8217;\u00e8 un&#8217;attenzione rinnovata, perch\u00e8 siamo vicini alle festivit\u00e0 pasquali: le misure predisposte vogliono garantire un presidio pi\u00f9 adeguato di questi luoghi&#8221;.<div id=\"div-gpt-ad-Messinaoggi.it-DSK-300x250-corpoart\" style=\"text-align:center;margin:0 auto;\"><\/div><\/p>\n<p>Foto: Agenzia Fotogramma &#8211; <div id=\"videoincontent\" style=\"clear:both\";><\/div><\/p>\n<p>(ITALPRESS).<\/p><\/div>\n","protected":false},"excerpt":{"rendered":"<p>PALERMO (ITALPRESS) &#8211; &#8220;Nella riunione di oggi con il Comitato per l&#8217;ordine e la sicurezza pubblica abbiamo fatto una disamina dei rischi: l&#8217;Italia offre uno scenario diverso da altri paesi, ma abbiamo comunque attuato un lavoro di prevenzione rafforzando misure di sicurezza che comunque dopo il 7 ottobre erano gi\u00e0 molto alte&#8221;. Lo sottolinea a [&hellip;]<\/p>\n","protected":false},"author":18,"featured_media":192437,"comment_status":"closed","ping_status":"closed","sticky":false,"template":"","format":"standard","meta":{"ub_ctt_via":"","_mi_skip_tracking":false},"categories":[446,4],"tags":[783],"featured_image_src":"https:\/\/www.messinaoggi.it\/website\/wp-content\/uploads\/2024\/03\/20240325_2285.jpg","author_info":{"display_name":"Admin","author_link":"https:\/\/www.messinaoggi.it\/website\/author\/admin\/"},"digistream_id":0,"digistream":false,"_links":{"self":[{"href":"https:\/\/www.messinaoggi.it\/website\/wp-json\/wp\/v2\/posts\/192436"}],"collection":[{"href":"https:\/\/www.messinaoggi.it\/website\/wp-json\/wp\/v2\/posts"}],"about":[{"href":"https:\/\/www.messinaoggi.it\/website\/wp-json\/wp\/v2\/types\/post"}],"author":[{"embeddable":true,"href":"https:\/\/www.messinaoggi.it\/website\/wp-json\/wp\/v2\/users\/18"}],"replies":[{"embeddable":true,"href":"https:\/\/www.messinaoggi.it\/website\/wp-json\/wp\/v2\/comments?post=192436"}],"version-history":[{"count":1,"href":"https:\/\/www.messinaoggi.it\/website\/wp-json\/wp\/v2\/posts\/192436\/revisions"}],"predecessor-version":[{"id":192448,"href":"https:\/\/www.messinaoggi.it\/website\/wp-json\/wp\/v2\/posts\/192436\/revisions\/192448"}],"wp:featuredmedia":[{"embeddable":true,"href":"https:\/\/www.messinaoggi.it\/website\/wp-json\/wp\/v2\/media\/192437"}],"wp:attachment":[{"href":"https:\/\/www.messinaoggi.it\/website\/wp-json\/wp\/v2\/media?parent=192436"}],"wp:term":[{"taxonomy":"category","embeddable":true,"href":"https:\/\/www.messinaoggi.it\/website\/wp-json\/wp\/v2\/categories?post=192436"},{"taxonomy":"post_tag","embeddable":true,"href":"https:\/\/www.messinaoggi.it\/website\/wp-json\/wp\/v2\/tags?post=192436"}],"curies":[{"name":"wp","href":"https:\/\/api.w.org\/{rel}","templated":true}]}}