{"id":192434,"date":"2024-03-25T23:08:02","date_gmt":"2024-03-25T22:08:02","guid":{"rendered":"https:\/\/www.messinaoggi.it\/website\/2024\/03\/25\/bari-emiliano-parlai-con-capriati-decaro-possibile-non-ci-fosse\/"},"modified":"2024-03-25T23:08:02","modified_gmt":"2024-03-25T22:08:02","slug":"bari-emiliano-parlai-con-capriati-decaro-possibile-non-ci-fosse","status":"publish","type":"post","link":"https:\/\/www.messinaoggi.it\/website\/2024\/03\/25\/bari-emiliano-parlai-con-capriati-decaro-possibile-non-ci-fosse\/","title":{"rendered":"Bari, Emiliano \u201cParlai con Capriati. Decaro? Possibile non ci fosse\u201d"},"content":{"rendered":"<div>ROMA (ITALPRESS) &#8211; &#8220;Noi abbiamo deciso di istituire la Ztl a Bari Vecchia. E io e Antonio, pi\u00f9 Antonio di me, abbiamo girato per Bari Vecchia in lungo e in largo per spiegare le ragioni del provvedimento. In una di queste occasioni, ho certamente parlato con la signora Capriati&#8221;. Lo ha detto al Tg1 il governatore della Puglia, Michele Emiliano. Alla domanda se non ci fosse Decaro, ha risposto: &#8220;Sinceramente, io ci ho parlato sicuramente e ho parlato delle resistenze molto forti che Decaro stava trovando per istituire la Ztl&#8221;. &#8220;Siccome \u00e8 una cosa di 18 anni fa, se Antonio mi ha detto che non ricorda di essere stato accanto a me, \u00e8 possibile che lui abbia ragione&#8221;, ha aggiunto. Non era meglio andare in procura? &#8220;No, in questa caso noi avremmo montato una situazione nella quale la procura, secondo me, non avrebbe potuto fare assolutamente nulla&#8221;, ha sottolineato Emiliano. &#8220;Parlavo a una piazza intera che ha capito perfettamente cosa stavo dicendo &#8211; precisa &#8211; ma \u00e8 probabile che fuori di quella piazza fosse pi\u00f9 facile invertire il significato di quello che avevo detto&#8221;. &#8220;Io non credo di aver fatto errori perch\u00e8 quando si dice la verit\u00e0 e si raccontano le cose come sono andate non bisogna aver paura di nulla&#8221;, conclude.<br \/>-foto Agenzia Fotogramma &#8211;<br \/>(ITALPRESS).<\/div>\n<div id=\"div-gpt-ad-Messinaoggi.it-DSK-300x250-corpoart\" style=\"text-align:center;margin:0 auto;\"><\/div><\/p><div id=\"videoincontent\" style=\"clear:both\";><\/div>","protected":false},"excerpt":{"rendered":"<p>ROMA (ITALPRESS) &#8211; &#8220;Noi abbiamo deciso di istituire la Ztl a Bari Vecchia. E io e Antonio, pi\u00f9 Antonio di me, abbiamo girato per Bari Vecchia in lungo e in largo per spiegare le ragioni del provvedimento. In una di queste occasioni, ho certamente parlato con la signora Capriati&#8221;. Lo ha detto al Tg1 il [&hellip;]<\/p>\n","protected":false},"author":18,"featured_media":192435,"comment_status":"closed","ping_status":"closed","sticky":false,"template":"","format":"standard","meta":{"ub_ctt_via":"","_mi_skip_tracking":false},"categories":[446],"tags":[783],"featured_image_src":"https:\/\/www.messinaoggi.it\/website\/wp-content\/uploads\/2024\/03\/20240325_2245.jpg","author_info":{"display_name":"Admin","author_link":"https:\/\/www.messinaoggi.it\/website\/author\/admin\/"},"digistream_id":0,"digistream":false,"_links":{"self":[{"href":"https:\/\/www.messinaoggi.it\/website\/wp-json\/wp\/v2\/posts\/192434"}],"collection":[{"href":"https:\/\/www.messinaoggi.it\/website\/wp-json\/wp\/v2\/posts"}],"about":[{"href":"https:\/\/www.messinaoggi.it\/website\/wp-json\/wp\/v2\/types\/post"}],"author":[{"embeddable":true,"href":"https:\/\/www.messinaoggi.it\/website\/wp-json\/wp\/v2\/users\/18"}],"replies":[{"embeddable":true,"href":"https:\/\/www.messinaoggi.it\/website\/wp-json\/wp\/v2\/comments?post=192434"}],"version-history":[{"count":0,"href":"https:\/\/www.messinaoggi.it\/website\/wp-json\/wp\/v2\/posts\/192434\/revisions"}],"wp:featuredmedia":[{"embeddable":true,"href":"https:\/\/www.messinaoggi.it\/website\/wp-json\/wp\/v2\/media\/192435"}],"wp:attachment":[{"href":"https:\/\/www.messinaoggi.it\/website\/wp-json\/wp\/v2\/media?parent=192434"}],"wp:term":[{"taxonomy":"category","embeddable":true,"href":"https:\/\/www.messinaoggi.it\/website\/wp-json\/wp\/v2\/categories?post=192434"},{"taxonomy":"post_tag","embeddable":true,"href":"https:\/\/www.messinaoggi.it\/website\/wp-json\/wp\/v2\/tags?post=192434"}],"curies":[{"name":"wp","href":"https:\/\/api.w.org\/{rel}","templated":true}]}}