{"id":19235,"date":"2018-05-11T14:17:19","date_gmt":"2018-05-11T12:17:19","guid":{"rendered":"http:\/\/www.messinaoggi.it\/website\/?p=19235"},"modified":"2018-05-11T14:17:19","modified_gmt":"2018-05-11T12:17:19","slug":"tutti-in-via-laudamo-per-il-secondo-incontro-di-una-via-per-una-cultura-condivisa","status":"publish","type":"post","link":"https:\/\/www.messinaoggi.it\/website\/2018\/05\/11\/tutti-in-via-laudamo-per-il-secondo-incontro-di-una-via-per-una-cultura-condivisa\/","title":{"rendered":"Tutti in Via Laudamo per il secondo incontro di &quot;Una via per una cultura condivisa&quot;"},"content":{"rendered":"<p>Continua l\u2019iniziativa \u201cUna via per una Cultura condivisa\u201d, patrocinata dall\u2019EAR Teatro di Messina e organizzata dal comitato \u201cViviAmo via Laudamo\u201d formato dai cittadini, associazioni e imprenditori, nell\u2019ambito della campagna nazionale \u201cIl Maggio dei libri\u201d.<br \/>\nDomenica nelle vie adiacenti al Teatro Vittorio Emanuele avranno luogo una grande variet\u00e0 di momenti dedicati all\u2019arte e al guerrillia garden, letture ad alta voce di poesie e brani, spettacoli per bambini, performance teatrali, sfilate, laboratori e tanto altro.<br \/>\nIl \u00a0programma completo, riportato qui\u00a0 di seguito avr\u00e0 luogo a partire dalle ore 10.00 con l\u2019evento dal titolo <strong>Gessetti &#8220;fai da te&#8221;<\/strong> &#8211; coloriamo i nostri passi con\u00a0 Il Giardino di Luce &#8211; pedagogia Steiner-Waldorf Laboratorio di autoproduzione di gessi colorati da pavimento, per giocare e disegnare insieme; <strong>dalle 10:30<\/strong> <strong>per l&#8217;intera mattinata il<\/strong> <strong>secondo intervento di Puli-AMO Messina<\/strong>, dopo la pulizia e la scerbatura di piazza Bellini, interverranno sul restauro\u00a0 delle panchine malmesse per preparale agli interventi decorativi Restauri-AMO Le Panchine Di Piazza Bellini; seguir\u00e0 <strong>ore 11:00 I Burattini Raccontano<\/strong> &#8220;#Giuf\u00e0 e la botte&#8221; e &#8220;Giuf\u00e0 e la tela&#8221;, letture animate e laboratori a cura della Lunaria<strong>ore; ore 12:00<\/strong> <strong>Letture e conversazione su &#8220;Henry David Thoreau<\/strong> &#8211; #Camminare &#8220;a cura di ExperDei; <strong>ore 16:00 &#8220;L&#8217;uomo nero racconta&#8221;<\/strong> progetto di inclusione sociale, il laboratorio di lettura si terr\u00e0 anche\u00a0 in altri momenti all&#8217;interno della giornata; <strong>ore 16:00<\/strong> <strong>visita guidata all&#8217;interno del Teatro Vittorio Emanuele<\/strong> a cura delle Guide Turistiche Eolie Messina Taormina; <strong>ore 16:30<\/strong> <strong>Incontro con Eleonora Iannelli\u00a0 autrice di &#8220;Meglio il lupo che il mafioso&#8221;<\/strong> interverranno anche Enzo Scaffidi in rappresentanza di Gigliopoli &#8211; Associazione Il Giglio e Libera a Messina &#8211; Presidio &#8220;Nino e Ida Agostino&#8221;; <strong>ore 17:30<\/strong> <strong>reading &#8220;La mia vita per la #Libert\u00e0&#8221; <\/strong>a cura di\u00a0 ARB\u00a0 ed Eim\u00ec &#8211; Associazione di Promozione Sociale; <strong>ore 18:30<\/strong> <strong>conversazione con il regista su &#8220;La NERA&#8221;<\/strong> Spettacolo teatrale scritto e diretto da Nicola Cal\u00ec, a partire dagli articoli di cronaca nera del celebre scrittore e giornalista Dino Buzzati; <strong>ore 19:00<\/strong> <strong>&#8220;Uomini che amano le donne\u201c<\/strong> reading di brani in cui gli uomini, protagonisti, danno voce alla violenza sulle donne e a tutte le sue molteplici manifestazioni a cura di CEDAV Onlus.<br \/>\n<img loading=\"lazy\" class=\"alignnone size-medium wp-image-19237\" src=\"http:\/\/www.messinaoggi.it\/website\/wp-content\/uploads\/2018\/05\/Una-via-per-una-Cultura-condivisa-2-300x300.jpg\" alt=\"\" width=\"300\" height=\"300\" \/><br \/>\nDurante l&#8217;intera giornata saranno presenti stand informativi tra cui: Opuntia.Putia &#8211; Sicily Concept Store, Anymore Onlus Italia, ARB, Eim\u00ec Kan\u00f6 sartoria sociale ed altri in fase di definizione. Arricchir\u00e0 l\u2019evento anche\u00a0 \u00a0un raduno di &#8220;500&#8221; organizzato da Salvatore Papa del Fiat 500 Club Italia Meeting FIAT 500 &#8220;2 Cilindri TRA 2 MARI\u201d. \u201cUna via per una Cultura condivisa\u201d proseguir\u00e0 poi anche nelle successive domeniche di maggio (20, 27) nell\u2019ambito de \u201cIl Maggio dei libri\u201d, l\u2019iniziativa nata nel 2011 con l\u2019obiettivo di promuovere il valore sociale della lettura e promossa dal Centro per il libro e la lettura del Ministero dei Beni e delle Attivit\u00e0 Culturali e del Turismo, sotto l\u2019Alto Patronato del Presidente della Repubblica, e con il patrocinio della Commissione Nazionale Italiana per l\u2019UNESCO. Si preannuncia un\u2019occasione imperdibile per vivere una giornata all\u2019insegna della cultura, declamata in tutte le sue forme.<br \/>\n <br \/>\n <div id=\"div-gpt-ad-Messinaoggi.it-DSK-300x250-corpoart\" style=\"text-align:center;margin:0 auto;\"><\/div><\/p>\n<div id=\"videoincontent\" style=\"clear:both\";><\/div>","protected":false},"excerpt":{"rendered":"<p>Continua l\u2019iniziativa \u201cUna via per una Cultura condivisa\u201d, patrocinata dall\u2019EAR Teatro di Messina e organizzata dal comitato \u201cViviAmo via Laudamo\u201d formato dai cittadini, associazioni e imprenditori, nell\u2019ambito della campagna nazionale \u201cIl Maggio dei libri\u201d. Domenica nelle vie adiacenti al Teatro Vittorio Emanuele avranno luogo una grande variet\u00e0 di momenti dedicati all\u2019arte e al guerrillia garden, [&hellip;]<\/p>\n","protected":false},"author":5,"featured_media":19236,"comment_status":"closed","ping_status":"open","sticky":false,"template":"","format":"standard","meta":{"ub_ctt_via":"","_mi_skip_tracking":false},"categories":[16],"tags":[],"featured_image_src":"https:\/\/www.messinaoggi.it\/website\/wp-content\/uploads\/2018\/05\/Una-via-per-una-Cultura-condivisa-1-1.jpg","author_info":{"display_name":"Maria Antonella Saia","author_link":"https:\/\/www.messinaoggi.it\/website\/author\/m-saia\/"},"digistream_id":0,"digistream":false,"_links":{"self":[{"href":"https:\/\/www.messinaoggi.it\/website\/wp-json\/wp\/v2\/posts\/19235"}],"collection":[{"href":"https:\/\/www.messinaoggi.it\/website\/wp-json\/wp\/v2\/posts"}],"about":[{"href":"https:\/\/www.messinaoggi.it\/website\/wp-json\/wp\/v2\/types\/post"}],"author":[{"embeddable":true,"href":"https:\/\/www.messinaoggi.it\/website\/wp-json\/wp\/v2\/users\/5"}],"replies":[{"embeddable":true,"href":"https:\/\/www.messinaoggi.it\/website\/wp-json\/wp\/v2\/comments?post=19235"}],"version-history":[{"count":0,"href":"https:\/\/www.messinaoggi.it\/website\/wp-json\/wp\/v2\/posts\/19235\/revisions"}],"wp:featuredmedia":[{"embeddable":true,"href":"https:\/\/www.messinaoggi.it\/website\/wp-json\/wp\/v2\/media\/19236"}],"wp:attachment":[{"href":"https:\/\/www.messinaoggi.it\/website\/wp-json\/wp\/v2\/media?parent=19235"}],"wp:term":[{"taxonomy":"category","embeddable":true,"href":"https:\/\/www.messinaoggi.it\/website\/wp-json\/wp\/v2\/categories?post=19235"},{"taxonomy":"post_tag","embeddable":true,"href":"https:\/\/www.messinaoggi.it\/website\/wp-json\/wp\/v2\/tags?post=19235"}],"curies":[{"name":"wp","href":"https:\/\/api.w.org\/{rel}","templated":true}]}}