{"id":192320,"date":"2024-03-25T15:08:05","date_gmt":"2024-03-25T14:08:05","guid":{"rendered":"https:\/\/www.messinaoggi.it\/website\/2024\/03\/25\/successo-a-pietrasanta-per-ledizione-2024-di-sportcity-meeting\/"},"modified":"2024-03-25T15:08:05","modified_gmt":"2024-03-25T14:08:05","slug":"successo-a-pietrasanta-per-ledizione-2024-di-sportcity-meeting","status":"publish","type":"post","link":"https:\/\/www.messinaoggi.it\/website\/2024\/03\/25\/successo-a-pietrasanta-per-ledizione-2024-di-sportcity-meeting\/","title":{"rendered":"Successo a Pietrasanta per l\u2019edizione 2024 di \u201cSportcity Meeting\u201d"},"content":{"rendered":"<div>PIETRASANTA (ITALPRESS) &#8211; &#8220;Grazie alla citt\u00e0 di Pietrasanta e alla Fondazione Sportcity: abbiamo bisogno di concretezza e condivisione, dopo 15 mesi apprezzo sempre di pi\u00f9 la voglia di fare insieme che non \u00e8 scontata. Il quarto elemento del motto olimpico, la parola communiter, \u00e8 quanto mai decisivo e credo che ci siano tutti gli ingredienti per rinnovare la capacit\u00e0 che lo sport ha dimostrato, anche in Parlamento, di saper superare differenze e incomprensioni&#8221;: cos\u00ec il ministro per lo sport e i giovani, Andrea Abodi, ha salutato la gremitissima platea del 2\u00b0 &#8220;Sportcity Meeting&#8221;, gli &#8220;stati generali&#8221; sul benessere che si sono svolti nel fine settimana nella sala dell&#8217;Annunziata. Un appuntamento organizzato dalla Fondazione Sportcity con il patrocinio di Anci, del Comune e il supporto di &#8220;Sport e Salute&#8221;, Istituto per il Credito Sportivo, Dipartimento per lo sport della Presidenza del Consiglio dei ministri e Ministero dell&#8217;ambiente e della sicurezza energetica. Il meeting, condotto dal direttore di Rai Sport, Jacopo Volpi, \u00e8 iniziato con il benvenuto del presidente di Sportcity, Fabio Pagliara (&#8220;Siamo qui per lanciare una grande allesanza fra istituzioni che ci permetta di combattere la sedentariet\u00e0 &#8211; ha dichiarato &#8211; e renderci sempre pi\u00f9 conto di come lo sport sia lo strumento migliore per contrastare l&#8217;uso eccessivo dello smartphone e la dipendenza da relazioni virtuali sui social network&#8221;) e i saluti degli amministratori di Pietrasanta, in primis del sindaco Alberto Stefano Giovannetti. Sul palco allestito nella sala dell&#8217;Annunziata, nei due giorni della rassegna si sono alternati enti e operatori dello sport e del turismo nazionale, amministratori locali provenienti da numerose regioni italiane, rappresentanti del terzo settore, atleti di vertice e appassionati: sul tavolo, la &#8220;cultura del movimento&#8221;, le buone pratiche messe in atto nelle piccole e grandi citt\u00e0, con vari spunti di approfondimento e dibattito e la sottoscrizione della &#8220;Carta di Pietrasanta&#8221;, dichiarazione d&#8217;intenti per lo sviluppo dello sport e della cultura sportiva fra i rappresentanti istituzionali intervenuti.<br \/>&#8211; Foto Ufficio Stampa Fondazione Sportcity &#8211;<br \/>(ITALPRESS).<\/div>\n<div id=\"div-gpt-ad-Messinaoggi.it-DSK-300x250-corpoart\" style=\"text-align:center;margin:0 auto;\"><\/div><\/p><div id=\"videoincontent\" style=\"clear:both\";><\/div>","protected":false},"excerpt":{"rendered":"<p>PIETRASANTA (ITALPRESS) &#8211; &#8220;Grazie alla citt\u00e0 di Pietrasanta e alla Fondazione Sportcity: abbiamo bisogno di concretezza e condivisione, dopo 15 mesi apprezzo sempre di pi\u00f9 la voglia di fare insieme che non \u00e8 scontata. Il quarto elemento del motto olimpico, la parola communiter, \u00e8 quanto mai decisivo e credo che ci siano tutti gli ingredienti [&hellip;]<\/p>\n","protected":false},"author":18,"featured_media":192321,"comment_status":"closed","ping_status":"closed","sticky":false,"template":"","format":"standard","meta":{"ub_ctt_via":"","_mi_skip_tracking":false},"categories":[446],"tags":[783],"featured_image_src":"https:\/\/www.messinaoggi.it\/website\/wp-content\/uploads\/2024\/03\/20240325_0688.jpg","author_info":{"display_name":"Admin","author_link":"https:\/\/www.messinaoggi.it\/website\/author\/admin\/"},"digistream_id":0,"digistream":false,"_links":{"self":[{"href":"https:\/\/www.messinaoggi.it\/website\/wp-json\/wp\/v2\/posts\/192320"}],"collection":[{"href":"https:\/\/www.messinaoggi.it\/website\/wp-json\/wp\/v2\/posts"}],"about":[{"href":"https:\/\/www.messinaoggi.it\/website\/wp-json\/wp\/v2\/types\/post"}],"author":[{"embeddable":true,"href":"https:\/\/www.messinaoggi.it\/website\/wp-json\/wp\/v2\/users\/18"}],"replies":[{"embeddable":true,"href":"https:\/\/www.messinaoggi.it\/website\/wp-json\/wp\/v2\/comments?post=192320"}],"version-history":[{"count":0,"href":"https:\/\/www.messinaoggi.it\/website\/wp-json\/wp\/v2\/posts\/192320\/revisions"}],"wp:featuredmedia":[{"embeddable":true,"href":"https:\/\/www.messinaoggi.it\/website\/wp-json\/wp\/v2\/media\/192321"}],"wp:attachment":[{"href":"https:\/\/www.messinaoggi.it\/website\/wp-json\/wp\/v2\/media?parent=192320"}],"wp:term":[{"taxonomy":"category","embeddable":true,"href":"https:\/\/www.messinaoggi.it\/website\/wp-json\/wp\/v2\/categories?post=192320"},{"taxonomy":"post_tag","embeddable":true,"href":"https:\/\/www.messinaoggi.it\/website\/wp-json\/wp\/v2\/tags?post=192320"}],"curies":[{"name":"wp","href":"https:\/\/api.w.org\/{rel}","templated":true}]}}