{"id":192314,"date":"2024-03-25T14:18:03","date_gmt":"2024-03-25T13:18:03","guid":{"rendered":"https:\/\/www.messinaoggi.it\/website\/2024\/03\/25\/schifani-e-luna-per-loratorio-di-haydn-al-politeama-di-palermo\/"},"modified":"2024-03-25T15:34:54","modified_gmt":"2024-03-25T14:34:54","slug":"schifani-e-luna-per-loratorio-di-haydn-al-politeama-di-palermo","status":"publish","type":"post","link":"https:\/\/www.messinaoggi.it\/website\/2024\/03\/25\/schifani-e-luna-per-loratorio-di-haydn-al-politeama-di-palermo\/","title":{"rendered":"Schifani e Luna per l\u2019Oratorio di Haydn al Politeama di Palermo"},"content":{"rendered":"<div>\n<p>PALERMO (ITALPRESS) \u2013 Una prima esecuzione a Palermo per il concerto dell\u2019Orchestra sinfonica siciliana: \u201cLe sette ultime parole del nostro Redentore sulla croce\u201d (Die sieben ietzen Worte unseres Erl\u00f2sers am Kreutze) Hob XX,1 di Franz Joseph Haydn in scena al Politeama Garibaldi gioved\u00ec (28 marzo) alle 17.30 e replica venerd\u00ec (29 marzo) alle 21. Si tratta di una delle opere pi\u00f9 misteriose e affascinanti che Haydn abbia mai scritto. E\u2019 nata infatti per essere eseguita nella Chiesa della Santa Cueva di Cadice, in cui si teneva, la notte del Venerd\u00ec Santo una cerimonia in cui l\u2019officiante, nelle tenebre pi\u00f9 complete, declamava in latino le ultime sette frasi che secondo i vangeli furono pronunciate da Cristo crocifisso. Ad ogni frase faceva seguito una breve meditazione musicale. Seguendo questo schema, l\u2019opera di Haydn \u2013 che viene eseguita al Politeama per la prima volta nella sua versione originale e integrale \u2013 si costituisce infatti di una serie di sette brani in Adagio preceduti, ciascuno da un breve testo e seguiti da un terremoto finale. I testi sono affidati alla voce di Filippo Luna.<br \/>Alla direzione ci sar\u00e0 Ignazio Maria Schifani che si \u00e8 dedicato allo studio e all\u2019esecuzione della musica antica perfezionandosi in clavicembalo, organo storico e nella prassi del basso continuo dove \u00e8 docente al conservatorio di Palermo. Collabora stabilmente dal 1994 con lo Studio di Musica Antica Antonio Il Verso di Palermo e dal 1998 con Concerto Italiano diretto da Rinaldo Alessandrini, anche in qualit\u00e0 di suo assistente in diverse produzioni teatrali. Tra le produzioni discografiche, per le case francesi Opus 111, K 617 e Na\u00ecve, ricordiamo il Vespro, l\u2019Orfeo, Il Ritorno di Ulisse in Patria e L\u2019Incoronazione di Poppea di Monteverdi, lo Stellario di Rubino, il Vespro di Provenzale, il Giudizio universale di Cavalli e Il Trionfo del Tempo e del Disinganno di Haendel, l\u2019Olimpiade, i Vespri per l\u2019Assunzione e i due Gloria di Vivaldi, il concerto per 4 clavicembali di Bach.<br \/>Luna si \u00e8 formato alla scuola dell\u2019Inda, l\u2019Istituto nazionale del dramma antico. In teatro come interprete ha collaborato tra gli altri con T. Salmon, S. Sequi, G. Sepe, P. Carriglio, Gebbia\/Roccaforte, R. Guicciardini, V. Pirrotta, C. Collov\u00e0, G. Sammartano, F. Crivelli, M. Filiberti. F. Scaldati. M.Cuticchio, R. And\u00f2, R.Palazzolo. A breve sar\u00e0 sullo schermo tv con L\u2019arte della gioia con la regia di Valeria Golino (serie dal romanzo di Goliarda Sapienza) e sul grande schermo con Iddu di Fabio Grassadonia e Antonio Piazza.<br \/>Biglietti concerti (25 euro platea; 20 euro palco; 15 euro anfiteatro con riduzioni del 20% per abbonati 2023\/24, docenti, convenzioni e del 50% per studenti, under 16 + accompagnatore, ipovedenti e diversamente abili con necessit\u00e0 di accompagnatore) presso il Botteghino del Politeama o online su Vivaticket.<br \/>\u2013 foto ufficio stampa Fondazione Orchestra Sinfonica Siciliana, il maestro Ignazio Maria Schifani \u2013 <br \/>(ITALPRESS).<div id=\"div-gpt-ad-Messinaoggi.it-DSK-300x250-corpoart\" style=\"text-align:center;margin:0 auto;\"><\/div><\/p>\n<\/div>\n<div id=\"videoincontent\" style=\"clear:both\";><\/div>","protected":false},"excerpt":{"rendered":"<p>PALERMO (ITALPRESS) \u2013 Una prima esecuzione a Palermo per il concerto dell\u2019Orchestra sinfonica siciliana: \u201cLe sette ultime parole del nostro Redentore sulla croce\u201d (Die sieben ietzen Worte unseres Erl\u00f2sers am Kreutze) Hob XX,1 di Franz Joseph Haydn in scena al Politeama Garibaldi gioved\u00ec (28 marzo) alle 17.30 e replica venerd\u00ec (29 marzo) alle 21. Si [&hellip;]<\/p>\n","protected":false},"author":18,"featured_media":192315,"comment_status":"closed","ping_status":"closed","sticky":false,"template":"","format":"standard","meta":{"ub_ctt_via":"","_mi_skip_tracking":false},"categories":[11,2449],"tags":[783],"featured_image_src":"https:\/\/www.messinaoggi.it\/website\/wp-content\/uploads\/2024\/03\/20240325_0424.jpg","author_info":{"display_name":"Admin","author_link":"https:\/\/www.messinaoggi.it\/website\/author\/admin\/"},"digistream_id":0,"digistream":false,"_links":{"self":[{"href":"https:\/\/www.messinaoggi.it\/website\/wp-json\/wp\/v2\/posts\/192314"}],"collection":[{"href":"https:\/\/www.messinaoggi.it\/website\/wp-json\/wp\/v2\/posts"}],"about":[{"href":"https:\/\/www.messinaoggi.it\/website\/wp-json\/wp\/v2\/types\/post"}],"author":[{"embeddable":true,"href":"https:\/\/www.messinaoggi.it\/website\/wp-json\/wp\/v2\/users\/18"}],"replies":[{"embeddable":true,"href":"https:\/\/www.messinaoggi.it\/website\/wp-json\/wp\/v2\/comments?post=192314"}],"version-history":[{"count":1,"href":"https:\/\/www.messinaoggi.it\/website\/wp-json\/wp\/v2\/posts\/192314\/revisions"}],"predecessor-version":[{"id":192332,"href":"https:\/\/www.messinaoggi.it\/website\/wp-json\/wp\/v2\/posts\/192314\/revisions\/192332"}],"wp:featuredmedia":[{"embeddable":true,"href":"https:\/\/www.messinaoggi.it\/website\/wp-json\/wp\/v2\/media\/192315"}],"wp:attachment":[{"href":"https:\/\/www.messinaoggi.it\/website\/wp-json\/wp\/v2\/media?parent=192314"}],"wp:term":[{"taxonomy":"category","embeddable":true,"href":"https:\/\/www.messinaoggi.it\/website\/wp-json\/wp\/v2\/categories?post=192314"},{"taxonomy":"post_tag","embeddable":true,"href":"https:\/\/www.messinaoggi.it\/website\/wp-json\/wp\/v2\/tags?post=192314"}],"curies":[{"name":"wp","href":"https:\/\/api.w.org\/{rel}","templated":true}]}}