{"id":192283,"date":"2024-03-25T13:23:38","date_gmt":"2024-03-25T12:23:38","guid":{"rendered":"http:\/\/www.messinaoggi.it\/website\/?p=192283"},"modified":"2024-03-25T13:23:39","modified_gmt":"2024-03-25T12:23:39","slug":"non-piu-fosso-inaugurato-il-parcheggio-la-farina-completamente-automatizzato","status":"publish","type":"post","link":"https:\/\/www.messinaoggi.it\/website\/2024\/03\/25\/non-piu-fosso-inaugurato-il-parcheggio-la-farina-completamente-automatizzato\/","title":{"rendered":"Non pi\u00f9 &#8220;Fosso&#8221;, inaugurato il Parcheggio &#8220;La Farina&#8221;, completamente automatizzato"},"content":{"rendered":"\n<p>\u00c8 stato inaugurato stamane il nuovo Parcheggio &#8220;La Farina&#8221;, nome che sta ad indicare quello che fino ad oggi \u00e8 stato chiamato &#8220;Parcheggio Fosso&#8221;. Presenti all&#8217;evento il presidente di Atm <strong>Pippo Campagna<\/strong>, il sindaco di Messina <strong>Federico Basile<\/strong>, il vicesindaco e assessore alla mobilit\u00e0 <strong>Salvatore Mondello<\/strong>. <div id=\"div-gpt-ad-Messinaoggi.it-DSK-300x250-corpoart\" style=\"text-align:center;margin:0 auto;\"><\/div><\/p>\n\n\n\n<p>Il presidente di Atm <strong>Pippo Campagna<\/strong> ha detto che preferisce venga chiamato da ora in poi cos\u00ec \u201cperch\u00e9 adesso ha un\u2019altra immagine, un altro volto. Ora \u00e8 illuminato, videosorvegliato, sicuro e sar\u00e0 anche cardioprotetto. Chiamarlo Fosso oggi \u00e8 un po\u2019 spiacevole, d&#8217;altronde \u00e8 diventato un parcheggio molto ambito&#8221;.<div id=\"videoincontent\" style=\"clear:both\";><\/div><\/p>\n\n\n\n<p>Atm ha portato avanti infatti un\u2019operazione di restyling con la realizzazione di un doppio piano, con pi\u00f9 luci e sicurezza e l\u2019automazione totale con la\u00a0sbarra elettronica, il lettore di targhe e le casse automatiche, non ci sar\u00e0 quindi piu bisogno di gratta e sosta e pass residenti. Si entra con il lettore di targhe per abbonati, auto elettriche e ibride (che devono essere registrate nel sistema Atm), e prima di farlo un dispositivo indicher\u00e0 quanti posti liberi ci sono, cos\u00ec che non si perde tempo se il parcheggio \u00e8 pieno.<\/p>\n\n\n\n<figure class=\"wp-block-image size-large\"><img loading=\"lazy\" width=\"768\" height=\"1024\" src=\"http:\/\/www.messinaoggi.it\/website\/wp-content\/uploads\/2024\/03\/434089325_408216308476661_6271283711333124357_n-768x1024.jpg\" alt=\"\" class=\"wp-image-192309\" srcset=\"https:\/\/www.messinaoggi.it\/website\/wp-content\/uploads\/2024\/03\/434089325_408216308476661_6271283711333124357_n-768x1024.jpg 768w, https:\/\/www.messinaoggi.it\/website\/wp-content\/uploads\/2024\/03\/434089325_408216308476661_6271283711333124357_n-225x300.jpg 225w, https:\/\/www.messinaoggi.it\/website\/wp-content\/uploads\/2024\/03\/434089325_408216308476661_6271283711333124357_n-1152x1536.jpg 1152w, https:\/\/www.messinaoggi.it\/website\/wp-content\/uploads\/2024\/03\/434089325_408216308476661_6271283711333124357_n.jpg 1536w\" sizes=\"(max-width: 768px) 100vw, 768px\" \/><figcaption>Inaugurazione Parcheggio La Farina <\/figcaption><\/figure>\n\n\n\n<p>&#8220;Stiamo cercando di ultimare i passaggi finali per le convenzioni che ci permetteranno di utilizzare anche le app per i pagamenti&#8221; ha specificato Campagna. Riguardo questi ultimi passaggi ha chiarito che \u201cnon ci vorr\u00e0 molto&#8221;.<\/p>\n\n\n\n<p>Le tariffe sono le stesse dei parcheggi di interscambio: 1 euro un\u2019ora, 5 euro dalle 7 alle 15 o dalle 13 alle 21, 9 euro l\u2019intera giornata.<\/p>\n","protected":false},"excerpt":{"rendered":"<p>\u00c8 stato inaugurato stamane il nuovo Parcheggio &#8220;La Farina&#8221;, nome che sta ad indicare quello che fino ad oggi \u00e8 stato chiamato &#8220;Parcheggio Fosso&#8221;. Presenti all&#8217;evento il presidente di Atm Pippo Campagna, il sindaco di Messina Federico Basile, il vicesindaco e assessore alla mobilit\u00e0 Salvatore Mondello. Il presidente di Atm Pippo Campagna ha detto che [&hellip;]<\/p>\n","protected":false},"author":123457,"featured_media":192310,"comment_status":"open","ping_status":"open","sticky":false,"template":"","format":"standard","meta":{"ub_ctt_via":"","_mi_skip_tracking":false},"categories":[6],"tags":[2972,9770,2144,9739,1219,2406],"featured_image_src":"https:\/\/www.messinaoggi.it\/website\/wp-content\/uploads\/2024\/03\/418981925_408215531810072_8932114921265039205_n.jpg","author_info":{"display_name":"Michele Bruno","author_link":"https:\/\/www.messinaoggi.it\/website\/author\/michele-bruno\/"},"digistream_id":0,"digistream":false,"_links":{"self":[{"href":"https:\/\/www.messinaoggi.it\/website\/wp-json\/wp\/v2\/posts\/192283"}],"collection":[{"href":"https:\/\/www.messinaoggi.it\/website\/wp-json\/wp\/v2\/posts"}],"about":[{"href":"https:\/\/www.messinaoggi.it\/website\/wp-json\/wp\/v2\/types\/post"}],"author":[{"embeddable":true,"href":"https:\/\/www.messinaoggi.it\/website\/wp-json\/wp\/v2\/users\/123457"}],"replies":[{"embeddable":true,"href":"https:\/\/www.messinaoggi.it\/website\/wp-json\/wp\/v2\/comments?post=192283"}],"version-history":[{"count":4,"href":"https:\/\/www.messinaoggi.it\/website\/wp-json\/wp\/v2\/posts\/192283\/revisions"}],"predecessor-version":[{"id":192311,"href":"https:\/\/www.messinaoggi.it\/website\/wp-json\/wp\/v2\/posts\/192283\/revisions\/192311"}],"wp:featuredmedia":[{"embeddable":true,"href":"https:\/\/www.messinaoggi.it\/website\/wp-json\/wp\/v2\/media\/192310"}],"wp:attachment":[{"href":"https:\/\/www.messinaoggi.it\/website\/wp-json\/wp\/v2\/media?parent=192283"}],"wp:term":[{"taxonomy":"category","embeddable":true,"href":"https:\/\/www.messinaoggi.it\/website\/wp-json\/wp\/v2\/categories?post=192283"},{"taxonomy":"post_tag","embeddable":true,"href":"https:\/\/www.messinaoggi.it\/website\/wp-json\/wp\/v2\/tags?post=192283"}],"curies":[{"name":"wp","href":"https:\/\/api.w.org\/{rel}","templated":true}]}}