{"id":192253,"date":"2024-03-25T10:03:09","date_gmt":"2024-03-25T09:03:09","guid":{"rendered":"http:\/\/www.messinaoggi.it\/website\/?p=192253"},"modified":"2024-03-25T10:03:11","modified_gmt":"2024-03-25T09:03:11","slug":"pd-pronti-per-mandare-a-casa-chi-danneggia-la-sicilia","status":"publish","type":"post","link":"https:\/\/www.messinaoggi.it\/website\/2024\/03\/25\/pd-pronti-per-mandare-a-casa-chi-danneggia-la-sicilia\/","title":{"rendered":"Pd: &#8220;Pronti per mandare a casa chi danneggia la Sicilia&#8221;"},"content":{"rendered":"\n<p>\u201cLa direzione non pu\u00f2 non aprirsi con un ricordo di Emanuele Macaluso nel centenario della sua nascita. E non possiamo non farlo anche oggi nella sua citt\u00e0, nella sua terra, fra il suo zolfo e le sue stelle\u201d. Cos\u00ec il segretario regionale del PD Sicilia, Anthony Barbagallo, aprendo i lavori della direzione regionale, nell\u2019ambito della conferenza programmatica organizzata &#8211; ieri e oggi \u2013 all\u2019hotel Sn Michele, a Caltanissetta.<div id=\"div-gpt-ad-Messinaoggi.it-DSK-300x250-corpoart\" style=\"text-align:center;margin:0 auto;\"><\/div><\/p>\n\n\n\n<p>Dopo il prologo di ieri col dibattito dal titolo \u201cLa grande rapina al Sud: come l\u2019autonomia differenziata danneggia il Mezzogiorno\u201d alla presenza della segretaria nazionale Elly Schlein, oggi \u00e8 fitto il calendario dei lavori che, oltre alla direzione regionale, prevedono anche lo svolgimento di 6 tavoli tematici ((Sanit\u00e0: Come sta la sanit\u00e0 in Sicilia, Lavoro e sicurezza. per la Sicilia un lavoro vero, giusto, sicuro; Scuola, universit\u00e0 e ricerca: l&#8217;economia della conoscenza e dell&#8217;innovazione per la Sicilia di domani, Legalit\u00e0. la Sicilia e la mafia invisibile; Agricoltura. coltiviamo il futuro della Sicilia; Mobilit\u00e0 sostenibile e infrastrutture: come si muove la Sicilia).<div id=\"videoincontent\" style=\"clear:both\";><\/div><\/p>\n\n\n\n<p>Le conclusioni &#8211; nel pomeriggio di oggi &#8211;  saranno affidate a Michele Catanzaro, capogruppo PD all\u2019Ars, Chiara Braga, capogruppo PD alla Camera e al segretario regionale Anthony Barbagallo.<\/p>\n\n\n\n<p>Nel suo intervento di oggi in Direzione, Barbagallo ha toccato vari temi \u2013 dal conflitto in medio oriente all\u2019attacco terroristico a Mosca che rischia di far precipitare gli eventi &#8211; soffermandosi sulla vicenda che ha riguardato il sindaco di Bari, De Caro: \u201c E\u2019 \u00e8 scandaloso che, per molti anni, la vita di tanti amministratori onesti e competenti sia stata stravolta nel silenzio generale. Molto significative in questo senso le vicende di Giovanni Barbagallo e Nino Di Guardo\u201d<\/p>\n\n\n\n<p><strong>Morti sul lavoro, numero doppio rispetto a Germania.<\/strong> Poi, toccando il tema delle morti sul lavoro, ha detto: \u201cQuesto quotidiano eccidio di lavoratori \u00e8 la sconfitta di un paese civile e moderno. Abbiamo un numero di caduti che \u00e8 doppio rispetto a quello della Germania, un paese pi\u00f9 grande e pi\u00f9 sviluppato. E&#8217; la prova questa &#8211; qualora n\u00e9 servisse ancora una &#8211; che l&#8217;investimento sulla sicurezza \u00e8 una priorit\u00e0 non pi\u00f9 rinviabile. Con la riforma del codice degli appalti questo governo ha liberalizzato il subappalto a cascata, a scapito di ogni previsione sulle linee del controllo e sul coordinamento delle stesse, con un favore evidente alla criminalit\u00e0 organizzata che pu\u00f2 cosi eludere ogni verifica. L\u2019Unione europea raccomanda 1 ispettore ogni 10.000 lavoratori, noi in Sicilia ne abbiamo 1ogni 22.200. Chi ci guadagna? La verit\u00e0 \u00e8 che il governo Schifani non fa nulla. Non accade a caso, \u00e8 frutto di un disegno preciso per colpire i pi\u00f9 deboli.\u201d <\/p>\n\n\n\n<p><strong>Autonomia differenziata, un messaggio agli ascari del governo.<\/strong> \u201cCon l&#8217;iniziativa di ieri abbiamo voluto dare un messaggio a questo Governo siciliano di ascari: sull\u2019autonomia differenziata non arretreremo di un passo. La battaglia meridionalista vede -come sempre \u00e8 stato &#8211; il nostro Partito unito nella difesa di chi \u00e8 pi\u00f9 fragile. Dei cittadini e dei territori che hanno pi\u00f9 difficolt\u00e0 e subiscono gi\u00e0 divari e disuguaglianze insopportabili\u201d. <\/p>\n\n\n\n<p><strong>Sull&#8217;agenda politica regionale.<\/strong> \u201cMai avremmo pensato di &#8211; ha detto &#8211; vedere l&#8217;acqua razionalizzata per quasi un terzo dei comuni siciliani. E&#8217; il risultato non solo del clima che cambia ma del fallimento della politica negazionista della destra al governo e delle zero idee del governo regionale in proposito. Le soluzioni sono: quantitativo minimo vitale garantito, sub ambiti, tariffa fissa per evitare le diseguaglianze sui costi. Mentre sui rifiuti assistiamo ad un vero scontro tutto interno al centrodestra, nella totale assenza di una visione chiara\u201d.<\/p>\n\n\n\n<p><strong>No a sanatorie di ogni tipo.<\/strong> \u201dMentre il governo prepara la pace edilizia con il il 19\u00b0 condono in Ars, il PD lotta contro l&#8217;ennesima sanatoria. Che per altro \u2013 ha poi aggiunto il segretario &#8211; verr\u00e0 impugnata e servir\u00e0 soltanto da spot elettorale\u201d. <\/p>\n\n\n\n<p><strong>Lista Europee: sar\u00e0 forte con disponibilit\u00e0 del gruppo dirigente a candidarsi:<\/strong> \u201cAccoglienza, integrazione, lavoro, Ambiente, diritti civili e sociali, pace. Saranno le nostre parole d&#8217;ordine \u2013 ha aggiunto &#8211; per la campagna delle Europee di giugno. Fare una lista forte, identitaria che che tenga conto di tutte le \u2018nostre\u2019 sensibilit\u00e0. Una lista che garantisca, come abbiamo sempre sostenuto, una omogeneit\u00e0 anche nelle rappresentanze territoriali. Per questo ho chiesto e ottenuto la disponibilit\u00e0 a candidarsi a tutto il gruppo dirigente\u201d.<\/p>\n","protected":false},"excerpt":{"rendered":"<p>\u201cLa direzione non pu\u00f2 non aprirsi con un ricordo di Emanuele Macaluso nel centenario della sua nascita. E non possiamo non farlo anche oggi nella sua citt\u00e0, nella sua terra, fra il suo zolfo e le sue stelle\u201d. Cos\u00ec il segretario regionale del PD Sicilia, Anthony Barbagallo, aprendo i lavori della direzione regionale, nell\u2019ambito della [&hellip;]<\/p>\n","protected":false},"author":2,"featured_media":119276,"comment_status":"open","ping_status":"open","sticky":false,"template":"","format":"standard","meta":{"ub_ctt_via":"","_mi_skip_tracking":false},"categories":[6],"tags":[9767,2426,8962,610,150],"featured_image_src":"https:\/\/www.messinaoggi.it\/website\/wp-content\/uploads\/2022\/08\/barbagallo-pd-e1617275640702-3-71cf9p7aojbwd8axxhfqvd1m68oe0a2ukpqsb5pwuo6.jpg","author_info":{"display_name":"Redazione","author_link":"https:\/\/www.messinaoggi.it\/website\/author\/redazione\/"},"digistream_id":0,"digistream":false,"_links":{"self":[{"href":"https:\/\/www.messinaoggi.it\/website\/wp-json\/wp\/v2\/posts\/192253"}],"collection":[{"href":"https:\/\/www.messinaoggi.it\/website\/wp-json\/wp\/v2\/posts"}],"about":[{"href":"https:\/\/www.messinaoggi.it\/website\/wp-json\/wp\/v2\/types\/post"}],"author":[{"embeddable":true,"href":"https:\/\/www.messinaoggi.it\/website\/wp-json\/wp\/v2\/users\/2"}],"replies":[{"embeddable":true,"href":"https:\/\/www.messinaoggi.it\/website\/wp-json\/wp\/v2\/comments?post=192253"}],"version-history":[{"count":1,"href":"https:\/\/www.messinaoggi.it\/website\/wp-json\/wp\/v2\/posts\/192253\/revisions"}],"predecessor-version":[{"id":192254,"href":"https:\/\/www.messinaoggi.it\/website\/wp-json\/wp\/v2\/posts\/192253\/revisions\/192254"}],"wp:featuredmedia":[{"embeddable":true,"href":"https:\/\/www.messinaoggi.it\/website\/wp-json\/wp\/v2\/media\/119276"}],"wp:attachment":[{"href":"https:\/\/www.messinaoggi.it\/website\/wp-json\/wp\/v2\/media?parent=192253"}],"wp:term":[{"taxonomy":"category","embeddable":true,"href":"https:\/\/www.messinaoggi.it\/website\/wp-json\/wp\/v2\/categories?post=192253"},{"taxonomy":"post_tag","embeddable":true,"href":"https:\/\/www.messinaoggi.it\/website\/wp-json\/wp\/v2\/tags?post=192253"}],"curies":[{"name":"wp","href":"https:\/\/api.w.org\/{rel}","templated":true}]}}