{"id":192237,"date":"2024-03-24T14:08:02","date_gmt":"2024-03-24T13:08:02","guid":{"rendered":"https:\/\/www.messinaoggi.it\/website\/2024\/03\/24\/fosse-ardeatine-meloni-ricordare-cosa-accadde-e-un-dovere-di-tutti\/"},"modified":"2024-03-24T14:08:02","modified_gmt":"2024-03-24T13:08:02","slug":"fosse-ardeatine-meloni-ricordare-cosa-accadde-e-un-dovere-di-tutti","status":"publish","type":"post","link":"https:\/\/www.messinaoggi.it\/website\/2024\/03\/24\/fosse-ardeatine-meloni-ricordare-cosa-accadde-e-un-dovere-di-tutti\/","title":{"rendered":"Fosse Ardeatine, Meloni \u201cRicordare cosa accadde \u00e8 un dovere di tutti\u201d"},"content":{"rendered":"<div>ROMA (ITALPRESS) &#8211; &#8220;Oggi l&#8217;Italia onora e rende omaggio alla memoria delle 335 vittime dell&#8217;eccidio delle Fosse Ardeatine, terribile massacro perpetrato dalle truppe di occupazione naziste come rappresaglia dell&#8217;attacco partigiano di via Rasella. L&#8217;eccidio ardeatino \u00e8 una delle ferite pi\u00f9 profonde e dolorose inferte alla nostra comunit\u00e0 nazionale e ricordare cosa accadde in quel funesto 24 marzo di ottant&#8217;anni fa \u00e8 un dovere di tutti&#8221;. Lo ha dichiarato il Presidente del Consiglio, Giorgia Meloni, in occasione dell&#8217;80\u00b0 anniversario dell&#8217;eccidio delle Fosse Ardeatine.<br \/>&#8211; foto Agenzia Fotogramma &#8211;<br \/>(ITALPRESS).<\/div>\n<div id=\"div-gpt-ad-Messinaoggi.it-DSK-300x250-corpoart\" style=\"text-align:center;margin:0 auto;\"><\/div><\/p><div id=\"videoincontent\" style=\"clear:both\";><\/div>","protected":false},"excerpt":{"rendered":"<p>ROMA (ITALPRESS) &#8211; &#8220;Oggi l&#8217;Italia onora e rende omaggio alla memoria delle 335 vittime dell&#8217;eccidio delle Fosse Ardeatine, terribile massacro perpetrato dalle truppe di occupazione naziste come rappresaglia dell&#8217;attacco partigiano di via Rasella. L&#8217;eccidio ardeatino \u00e8 una delle ferite pi\u00f9 profonde e dolorose inferte alla nostra comunit\u00e0 nazionale e ricordare cosa accadde in quel funesto [&hellip;]<\/p>\n","protected":false},"author":18,"featured_media":192238,"comment_status":"closed","ping_status":"closed","sticky":false,"template":"","format":"standard","meta":{"ub_ctt_via":"","_mi_skip_tracking":false},"categories":[446],"tags":[783],"featured_image_src":"https:\/\/www.messinaoggi.it\/website\/wp-content\/uploads\/2024\/03\/20240324_0310.jpg","author_info":{"display_name":"Admin","author_link":"https:\/\/www.messinaoggi.it\/website\/author\/admin\/"},"digistream_id":0,"digistream":false,"_links":{"self":[{"href":"https:\/\/www.messinaoggi.it\/website\/wp-json\/wp\/v2\/posts\/192237"}],"collection":[{"href":"https:\/\/www.messinaoggi.it\/website\/wp-json\/wp\/v2\/posts"}],"about":[{"href":"https:\/\/www.messinaoggi.it\/website\/wp-json\/wp\/v2\/types\/post"}],"author":[{"embeddable":true,"href":"https:\/\/www.messinaoggi.it\/website\/wp-json\/wp\/v2\/users\/18"}],"replies":[{"embeddable":true,"href":"https:\/\/www.messinaoggi.it\/website\/wp-json\/wp\/v2\/comments?post=192237"}],"version-history":[{"count":0,"href":"https:\/\/www.messinaoggi.it\/website\/wp-json\/wp\/v2\/posts\/192237\/revisions"}],"wp:featuredmedia":[{"embeddable":true,"href":"https:\/\/www.messinaoggi.it\/website\/wp-json\/wp\/v2\/media\/192238"}],"wp:attachment":[{"href":"https:\/\/www.messinaoggi.it\/website\/wp-json\/wp\/v2\/media?parent=192237"}],"wp:term":[{"taxonomy":"category","embeddable":true,"href":"https:\/\/www.messinaoggi.it\/website\/wp-json\/wp\/v2\/categories?post=192237"},{"taxonomy":"post_tag","embeddable":true,"href":"https:\/\/www.messinaoggi.it\/website\/wp-json\/wp\/v2\/tags?post=192237"}],"curies":[{"name":"wp","href":"https:\/\/api.w.org\/{rel}","templated":true}]}}