{"id":192223,"date":"2024-03-24T10:07:59","date_gmt":"2024-03-24T09:07:59","guid":{"rendered":"https:\/\/www.messinaoggi.it\/website\/2024\/03\/24\/tajani-lattentato-di-mosca-era-nellaria\/"},"modified":"2024-03-24T10:07:59","modified_gmt":"2024-03-24T09:07:59","slug":"tajani-lattentato-di-mosca-era-nellaria","status":"publish","type":"post","link":"https:\/\/www.messinaoggi.it\/website\/2024\/03\/24\/tajani-lattentato-di-mosca-era-nellaria\/","title":{"rendered":"Tajani \u201cL\u2019attentato di Mosca era nell\u2019aria\u201d"},"content":{"rendered":"<div>ROMA (ITALPRESS) &#8211; L&#8217;attentato di Mosca &#8220;era nell&#8217;aria&#8221;, tanto che &#8220;noi avevamo avvertito i nostri connazionali sul sito della Farnesina di non recarsi in Russia e comunque, se sul posto, di non partecipare a eventi gi\u00e0 l&#8217;8 marzo&#8221;. Cos\u00ec in un&#8217;intervista al Corriere della Sera, il ministro degli Esteri, Antonio Tajani, che segue con attenzione da venerd\u00ec la nuova crisi esplosa in Russia: &#8220;Nessun italiano, dalle nostre informazioni, risulta coinvolto nell&#8217;attentato&#8221;, ma resta molto preoccupato. &#8220;Adesso speriamo che Putin non strumentalizzi un drammatico episodio di terrorismo per alzare la tensione: noi tutti ci dobbiamo impegnare per collaborare nella lotta al terrorismo, affinch\u00e8 non si ripetano pi\u00f9 episodi simili&#8221;.<br \/>&#8220;Ci sono state due rivendicazioni, entrambe da parte dello Stato islamico &#8211; spiega -. La prima venerd\u00ec, poco dopo l&#8217;attentato, era un p\u00f2 pi\u00f9 generica. La seconda rivendicazione, sabato mattina, molto pi\u00f9 circostanziata, con foto di presunti attentatori a volto coperto&#8221;. &#8220;Sappiamo bene che in Caucaso c&#8217;\u00e8 una minoranza islamica molto irrequieta al confine dell&#8217;Afghanistan &#8211; aggiunge -. Come non \u00e8 un mistero che ci sia il progetto di realizzare anche attraverso il ramo afghano dell&#8217;Isis uno stato islamico nella regione caucasica e dell&#8217;Asia centrale. Ad ora, tutto fa pensare che gli autori possano essere loro&#8221;.<br \/>&#8220;Il terrorismo &#8211; sottolinea &#8211; riguarda tutti, \u00e8 l&#8217;ennesimo grande pericolo per la pace. E siamo tutti disposti a collaborare per contrastarlo. Non solo perch\u00e8 si deve fare in modo che non si innalzi ulteriormente la tensione sul fronte orientale russo, ma perch\u00e8 la minaccia pu\u00f2 diventare globale. Abbiamo subito espresso la nostra solidariet\u00e0 alle vittime, siamo tutti dalla stessa parte nel combattere queste azioni terribili&#8221;.<br \/>&#8220;Certamente &#8211; prosegue Tajani &#8211; non possiamo abbassare la guardia neanche noi. La tensione in Medio Oriente, in Mar Rosso, la guerra in Ucraina, hanno portato a un innalzamento dei controlli su tutti gli obiettivi sensibili nel nostro Paese. La presenza delle forze dell&#8217;ordine e dei servizi \u00e8 costante, anche qui pochi giorni fa sono stati arrestati all&#8217;Aquila tre presunti terroristi collegati alle brigate Al Aqsa. Non sottovalutiamo nulla&#8221;.<br \/>Non ci sono stati contatti con il Governo russo &#8220;a livello governativo, ovviamente abbiamo contatti costanti con la nostra ambasciata e i nostri consolati &#8211; dichiara il Ministro degli Esteri -. Certo non si possono escludere in queste situazioni relazioni tra le intelligence, soprattutto per quanto riguarda il terrorismo internazionale. Mi risulta che gli stessi americani avessero avvertito la Russia di un pericolo imminente di attentati&#8221;.<br \/>In merito alle misure politiche comuni che si possono prendere per affrontare questo nuovo livello di allarme &#8220;ne parleremo al G7 a Capri ad aprile &#8211; rende noto Tajani -, e prima ancora al prossimo vertice Nato dei ministri degli Esteri subito dopo Pasqua. E&#8217; un tema che riguarda la sicurezza internazionale, sul quale \u00e8 necessaria la massima collaborazione&#8221;.<br \/>&#8220;L&#8217;Italia &#8211; annuncia &#8211; ha l&#8217;occasione di utilizzare scenari internazionali che la vedono protagonista per favorire un processo di pace che salvaguardi la libert\u00e0 e i diritti di uno Stato occupato come l&#8217;Ucraina e che porti a una fine delle ostilit\u00e0. E per farlo, infatti, continuiamo a sostenere Kiev senza tentennamenti&#8221;. &#8220;Ci auguriamo &#8211; ribadisce il Ministro &#8211; che Putin non utilizzi la tragedia di Mosca per una nuova escalation. Noi lavoreremo per una de-escalation&#8221;. In merito al Medio Oriente &#8220;stiamo cercando una soluzione &#8211; anche come Europa, uniti &#8211; perch\u00e8 si arrivi a un cessate-il-fuoco umanitario; noi abbiamo attivato il piano &#8216;Food for Gaz\u00e0 con Fao, Wfp e Croce Rossa e Mezzaluna rossa. E come Paese dopo i primi 20 milioni di aiuti ne aggiungeremo altri 20 perch\u00e8 offrano sostegno a una popolazione stremata. Chiediamo a Israele di ascoltare e accogliere le nostre richieste&#8221;. <br \/>&#8220;L&#8217;Europa &#8211; sottolinea il ministro Tajani &#8211; deve lavorare a una forza di difesa unitaria, per avere un ruolo maggiore. Spendiamo come Ue un terzo degli Usa, ma abbiamo molto meno peso e potenza militare di loro, perch\u00e8 non siamo integrati n\u00e8 organizzati come una difesa comune. E&#8217; un processo non breve, ma necessario. La nomina di un Commissario alla Difesa potrebbe accelerare&#8221;.<br \/>&#8211; foto Agenzia Fotogramma &#8211;<br \/>(ITALPRESS).<\/div>\n<div id=\"div-gpt-ad-Messinaoggi.it-DSK-300x250-corpoart\" style=\"text-align:center;margin:0 auto;\"><\/div><\/p><div id=\"videoincontent\" style=\"clear:both\";><\/div>","protected":false},"excerpt":{"rendered":"<p>ROMA (ITALPRESS) &#8211; L&#8217;attentato di Mosca &#8220;era nell&#8217;aria&#8221;, tanto che &#8220;noi avevamo avvertito i nostri connazionali sul sito della Farnesina di non recarsi in Russia e comunque, se sul posto, di non partecipare a eventi gi\u00e0 l&#8217;8 marzo&#8221;. Cos\u00ec in un&#8217;intervista al Corriere della Sera, il ministro degli Esteri, Antonio Tajani, che segue con attenzione [&hellip;]<\/p>\n","protected":false},"author":18,"featured_media":192224,"comment_status":"closed","ping_status":"closed","sticky":false,"template":"","format":"standard","meta":{"ub_ctt_via":"","_mi_skip_tracking":false},"categories":[446],"tags":[783],"featured_image_src":"https:\/\/www.messinaoggi.it\/website\/wp-content\/uploads\/2024\/03\/20240324_0126.jpg","author_info":{"display_name":"Admin","author_link":"https:\/\/www.messinaoggi.it\/website\/author\/admin\/"},"digistream_id":0,"digistream":false,"_links":{"self":[{"href":"https:\/\/www.messinaoggi.it\/website\/wp-json\/wp\/v2\/posts\/192223"}],"collection":[{"href":"https:\/\/www.messinaoggi.it\/website\/wp-json\/wp\/v2\/posts"}],"about":[{"href":"https:\/\/www.messinaoggi.it\/website\/wp-json\/wp\/v2\/types\/post"}],"author":[{"embeddable":true,"href":"https:\/\/www.messinaoggi.it\/website\/wp-json\/wp\/v2\/users\/18"}],"replies":[{"embeddable":true,"href":"https:\/\/www.messinaoggi.it\/website\/wp-json\/wp\/v2\/comments?post=192223"}],"version-history":[{"count":0,"href":"https:\/\/www.messinaoggi.it\/website\/wp-json\/wp\/v2\/posts\/192223\/revisions"}],"wp:featuredmedia":[{"embeddable":true,"href":"https:\/\/www.messinaoggi.it\/website\/wp-json\/wp\/v2\/media\/192224"}],"wp:attachment":[{"href":"https:\/\/www.messinaoggi.it\/website\/wp-json\/wp\/v2\/media?parent=192223"}],"wp:term":[{"taxonomy":"category","embeddable":true,"href":"https:\/\/www.messinaoggi.it\/website\/wp-json\/wp\/v2\/categories?post=192223"},{"taxonomy":"post_tag","embeddable":true,"href":"https:\/\/www.messinaoggi.it\/website\/wp-json\/wp\/v2\/tags?post=192223"}],"curies":[{"name":"wp","href":"https:\/\/api.w.org\/{rel}","templated":true}]}}