{"id":192174,"date":"2024-03-23T12:26:44","date_gmt":"2024-03-23T11:26:44","guid":{"rendered":"http:\/\/www.messinaoggi.it\/website\/?p=192174"},"modified":"2024-03-23T12:27:25","modified_gmt":"2024-03-23T11:27:25","slug":"e-morto-il-regista-messinese-walter-manfre","status":"publish","type":"post","link":"https:\/\/www.messinaoggi.it\/website\/2024\/03\/23\/e-morto-il-regista-messinese-walter-manfre\/","title":{"rendered":"\u00c8 morto il regista messinese Walter Manfr\u00e8"},"content":{"rendered":"\n<p>\u00c8 morto il regista Walter Manfr\u00e8. Originario di Messina, aveva vissuto per moltissimi anni a Roma, dove si \u00e8 affermato come regista e drammaturgo. Da alcuni anni si era stabilito a Comiso. Aveva ideato \u201cIl Teatro della persona\u201d dando vita ad opere come \u201cLa Confessione\u201d, \u201cLa cena\u201d e \u201cVisita ai parenti\u201d. Aveva diretto attori come Paola Borboni, Pupella Maggio, Giancarlo Giannini, Andrea Tidona e altri. Negli ultimi anni a Comiso aveva fondato l\u2019International Theatre Centre, importante e apprezzata scuola di teatro. Sui social il figlio Manuel gli ha reso omaggio: \u201cNessuno potr\u00e0 mai cancellare il nostro amore. Buon viaggio papi, per sempre con me\u201d.<div id=\"div-gpt-ad-Messinaoggi.it-DSK-300x250-corpoart\" style=\"text-align:center;margin:0 auto;\"><\/div><\/p>\n<div id=\"videoincontent\" style=\"clear:both\";><\/div>","protected":false},"excerpt":{"rendered":"<p>\u00c8 morto il regista Walter Manfr\u00e8. Originario di Messina, aveva vissuto per moltissimi anni a Roma, dove si \u00e8 affermato come regista e drammaturgo. Da alcuni anni si era stabilito a Comiso. Aveva ideato \u201cIl Teatro della persona\u201d dando vita ad opere come \u201cLa Confessione\u201d, \u201cLa cena\u201d e \u201cVisita ai parenti\u201d. Aveva diretto attori come [&hellip;]<\/p>\n","protected":false},"author":4,"featured_media":192175,"comment_status":"open","ping_status":"open","sticky":false,"template":"","format":"standard","meta":{"ub_ctt_via":"","_mi_skip_tracking":false},"categories":[5],"tags":[],"featured_image_src":"https:\/\/www.messinaoggi.it\/website\/wp-content\/uploads\/2024\/03\/Screenshot_20240323_122520_Gallery.jpg","author_info":{"display_name":"redme","author_link":"https:\/\/www.messinaoggi.it\/website\/author\/redme\/"},"digistream_id":0,"digistream":false,"_links":{"self":[{"href":"https:\/\/www.messinaoggi.it\/website\/wp-json\/wp\/v2\/posts\/192174"}],"collection":[{"href":"https:\/\/www.messinaoggi.it\/website\/wp-json\/wp\/v2\/posts"}],"about":[{"href":"https:\/\/www.messinaoggi.it\/website\/wp-json\/wp\/v2\/types\/post"}],"author":[{"embeddable":true,"href":"https:\/\/www.messinaoggi.it\/website\/wp-json\/wp\/v2\/users\/4"}],"replies":[{"embeddable":true,"href":"https:\/\/www.messinaoggi.it\/website\/wp-json\/wp\/v2\/comments?post=192174"}],"version-history":[{"count":1,"href":"https:\/\/www.messinaoggi.it\/website\/wp-json\/wp\/v2\/posts\/192174\/revisions"}],"predecessor-version":[{"id":192176,"href":"https:\/\/www.messinaoggi.it\/website\/wp-json\/wp\/v2\/posts\/192174\/revisions\/192176"}],"wp:featuredmedia":[{"embeddable":true,"href":"https:\/\/www.messinaoggi.it\/website\/wp-json\/wp\/v2\/media\/192175"}],"wp:attachment":[{"href":"https:\/\/www.messinaoggi.it\/website\/wp-json\/wp\/v2\/media?parent=192174"}],"wp:term":[{"taxonomy":"category","embeddable":true,"href":"https:\/\/www.messinaoggi.it\/website\/wp-json\/wp\/v2\/categories?post=192174"},{"taxonomy":"post_tag","embeddable":true,"href":"https:\/\/www.messinaoggi.it\/website\/wp-json\/wp\/v2\/tags?post=192174"}],"curies":[{"name":"wp","href":"https:\/\/api.w.org\/{rel}","templated":true}]}}