{"id":19217,"date":"2018-05-10T19:36:03","date_gmt":"2018-05-10T17:36:03","guid":{"rendered":"http:\/\/www.messinaoggi.it\/website\/?p=19217"},"modified":"2018-05-10T19:36:03","modified_gmt":"2018-05-10T17:36:03","slug":"festival-delle-radio-universitarie-messina-rappresentata-da-uvm","status":"publish","type":"post","link":"https:\/\/www.messinaoggi.it\/website\/2018\/05\/10\/festival-delle-radio-universitarie-messina-rappresentata-da-uvm\/","title":{"rendered":"Festival delle radio universitarie. Messina rappresentata da UVM"},"content":{"rendered":"<p style=\"text-align: justify\">Un pezzo della promettente giovent\u00f9 messinese sar\u00e0 in Sardegna dal 10 al 12 maggio\u00a0per l&#8217;atteso FRU 2018, il Festival delle Radio universitarie italiane, in corso di svolgimento a Cagliari dove quest\u2019anno, per la prima volta, sono presenti anche gli studenti Alessio Gugliotta, Vincenzo Romeo, Giorgio Muzzupappa e Ivan Brancati in rappresentanza della web radio di UniVersoMe, la testata multimediale degli studenti dell&#8217;universit\u00e0 degli studi di Messina. Ad arricchire la delegazione in terra sarda di voci peloritane, Vanessa Muna\u00f2 di RadioSapienza, oggi studente dell&#8217;universit\u00e0 Sapienza di Roma ma con un passato proprio tra le fila di UVM.<div id=\"div-gpt-ad-Messinaoggi.it-DSK-300x250-corpoart\" style=\"text-align:center;margin:0 auto;\"><\/div><\/p>\n<p style=\"text-align: justify\">La kermesse radiofonica, che quest&#8217;anno avr\u00e0 come tema il viaggio, accoglier\u00e0 centinaia di studenti provenienti da tutta Italia, desiderosi di apprendere nuovi linguaggi espressivi e le migliori tecniche per approfondire la conoscenza non solo del mondo della radio ma anche della tv, dei new media e della letteratura. Tre giorni ricchi di appuntamenti dal mattino a notte fonda, 33 radio universitarie nazionali, 24 ore di diretta condivisa e personaggi di rilievo nel panorama radiofonico nazionale, tra seminari, workshop ed eventi musicali pensati per favorire l\u2019aggregazione di quanti operano nell&#8217;ambito dei media universitari.<div id=\"videoincontent\" style=\"clear:both\";><\/div><\/p>\n<p> <\/p>\n","protected":false},"excerpt":{"rendered":"<p>Un pezzo della promettente giovent\u00f9 messinese sar\u00e0 in Sardegna dal 10 al 12 maggio\u00a0per l&#8217;atteso FRU 2018, il Festival delle Radio universitarie italiane, in corso di svolgimento a Cagliari dove quest\u2019anno, per la prima volta, sono presenti anche gli studenti Alessio Gugliotta, Vincenzo Romeo, Giorgio Muzzupappa e Ivan Brancati in rappresentanza della web radio di [&hellip;]<\/p>\n","protected":false},"author":6,"featured_media":19219,"comment_status":"closed","ping_status":"open","sticky":false,"template":"","format":"standard","meta":{"ub_ctt_via":"","_mi_skip_tracking":false},"categories":[7],"tags":[],"featured_image_src":"https:\/\/www.messinaoggi.it\/website\/wp-content\/uploads\/2018\/05\/IMG_1357-1.jpg","author_info":{"display_name":"Redazione MessinaOggi.it","author_link":"https:\/\/www.messinaoggi.it\/website\/author\/p-vinci\/"},"digistream_id":0,"digistream":false,"_links":{"self":[{"href":"https:\/\/www.messinaoggi.it\/website\/wp-json\/wp\/v2\/posts\/19217"}],"collection":[{"href":"https:\/\/www.messinaoggi.it\/website\/wp-json\/wp\/v2\/posts"}],"about":[{"href":"https:\/\/www.messinaoggi.it\/website\/wp-json\/wp\/v2\/types\/post"}],"author":[{"embeddable":true,"href":"https:\/\/www.messinaoggi.it\/website\/wp-json\/wp\/v2\/users\/6"}],"replies":[{"embeddable":true,"href":"https:\/\/www.messinaoggi.it\/website\/wp-json\/wp\/v2\/comments?post=19217"}],"version-history":[{"count":0,"href":"https:\/\/www.messinaoggi.it\/website\/wp-json\/wp\/v2\/posts\/19217\/revisions"}],"wp:featuredmedia":[{"embeddable":true,"href":"https:\/\/www.messinaoggi.it\/website\/wp-json\/wp\/v2\/media\/19219"}],"wp:attachment":[{"href":"https:\/\/www.messinaoggi.it\/website\/wp-json\/wp\/v2\/media?parent=19217"}],"wp:term":[{"taxonomy":"category","embeddable":true,"href":"https:\/\/www.messinaoggi.it\/website\/wp-json\/wp\/v2\/categories?post=19217"},{"taxonomy":"post_tag","embeddable":true,"href":"https:\/\/www.messinaoggi.it\/website\/wp-json\/wp\/v2\/tags?post=19217"}],"curies":[{"name":"wp","href":"https:\/\/api.w.org\/{rel}","templated":true}]}}