{"id":192079,"date":"2024-03-22T17:35:36","date_gmt":"2024-03-22T16:35:36","guid":{"rendered":"http:\/\/www.messinaoggi.it\/website\/?p=192079"},"modified":"2024-03-22T17:35:51","modified_gmt":"2024-03-22T16:35:51","slug":"i-riti-della-settimana-santa-domenica-la-benedizione-delle-palme","status":"publish","type":"post","link":"https:\/\/www.messinaoggi.it\/website\/2024\/03\/22\/i-riti-della-settimana-santa-domenica-la-benedizione-delle-palme\/","title":{"rendered":"I riti della Settimana Santa, domenica la benedizione delle Palme"},"content":{"rendered":"\n<p>Con la \u201cDomenica delle Palme e della Passione del Signore\u201d inizia la Settimana Santa, intenso tempo che abbraccia donne e uomini e in particolare unisce i credenti a Cristo, che offre se stesso per amore dell\u2019umanit\u00e0.<div id=\"div-gpt-ad-Messinaoggi.it-DSK-300x250-corpoart\" style=\"text-align:center;margin:0 auto;\"><\/div><\/p>\n\n\n\n<p>\u00c8 anche tempo in cui \u2013 attraverso tradizioni e rievocazioni storiche \u2013 si esprime la fede che si incultura nei nostri territori, manifestando il desiderio di Dio che attraversa le generazioni.<div id=\"videoincontent\" style=\"clear:both\";><\/div><\/p>\n\n\n\n<p>Da domenica 24 a domenica 31 marzo le celebrazioni in Cattedrale presiedute dall\u2019arcivescovo Giovanni Accolla.<\/p>\n\n\n\n<p><strong>Domenica 24 marzo &#8211; Domenica delle Palme ore 10.30<\/strong><\/p>\n\n\n\n<p>L\u2019Arcivescovo benedir\u00e0 le palme e i rami d\u2019ulivo in Piazza Duomo, da dove processionalmente entrer\u00e0 in Cattedrale per la Santa Messa.<\/p>\n\n\n\n<p><strong>Luned\u00ec 25 marzo &#8211; Stazione centrale di Messina ore 20.00<\/strong><\/p>\n\n\n\n<p>L\u2019Arcivescovo presieder\u00e0 la Via Crucis animata dai gruppi Agesci<\/p>\n\n\n\n<p><strong>Marted\u00ec 26 marzo &#8211; Messa Crismale a Lipari ore 18.00<\/strong><\/p>\n\n\n\n<p>Nella Concattedrale S. Bartolomeo a Lipari, l\u2019Arcivescovo benedir\u00e0 gli Oli santi durante la celebrazione alla quale parteciperanno i sacerdoti e le comunit\u00e0 delle Isole Eolie.<\/p>\n\n\n\n<p><strong>Gioved\u00ec 28 marzo &#8211; Messa Crismale ore 10.00<\/strong><\/p>\n\n\n\n<p>L\u2019Arcivescovo, nella Messa concelebrata dal Vescovo Ausiliare e da tutti i sacerdoti dell\u2019arcidiocesi, presieder\u00e0 l\u2019Eucaristia durante la quale i sacerdoti rinnoveranno le promesse sacerdotali e benedir\u00e0 l\u2019Olio dei Catecumeni, l\u2019Olio degli Infermi e il Sacro Crisma.<\/p>\n\n\n\n<p><strong>Gioved\u00ec 28 marzo &#8211; Messa \u201cin C\u0153na Domini\u201d ore 18.30 e inizio del Triduo Pasquale<\/strong><\/p>\n\n\n\n<p>Il Vescovo Ausiliare Cesare Di Pietro presieder\u00e0 la Messa \u201cin C\u0153na Domini\u201d, al termine della quale all\u2019interno della Cattedrale sar\u00e0 portato processionalmente il SS. Sacramento all\u2019altare della reposizione per l\u2019adorazione dei fedeli fino alla mezzanotte.<\/p>\n\n\n\n<p><strong>Venerd\u00ec 29 marzo &#8211; Azione Liturgica nella Passione del Signore ore 17.00<\/strong><\/p>\n\n\n\n<p>L\u2019Arcivescovo presieder\u00e0 l\u2019Azione liturgica con la proclamazione del Passio, lo svelamento e adorazione della Croce e la distribuzione della Comunione. Quindi, insieme al clero, si unir\u00e0 partecipando alla secolare processione delle Barette.<\/p>\n\n\n\n<p><strong>Sabato 30 marzo &#8211; Veglia nella Notte Santa di Pasqua ore 22.00<\/strong><\/p>\n\n\n\n<p>L\u2019Arcivescovo presieder\u00e0 la Veglia.<\/p>\n\n\n\n<p><strong>Domenica 31 marzo &#8211; Domenica di Pasqua ore 10.30<\/strong><\/p>\n\n\n\n<p>Il Vescovo Ausiliare presieder\u00e0 la S. Messa in Cattedrale.<\/p>\n\n\n\n<p>Il gioved\u00ec santo sera e il giorno di Pasqua, l\u2019Arcivescovo si recher\u00e0 in alcune parrocchie per celebrare con il parroco e i fedeli di quelle comunit\u00e0 ed esprimere cos\u00ec il legame di comunione che unisce l\u2019intera Chiesa diocesana.<\/p>\n","protected":false},"excerpt":{"rendered":"<p>Con la \u201cDomenica delle Palme e della Passione del Signore\u201d inizia la Settimana Santa, intenso tempo che abbraccia donne e uomini e in particolare unisce i credenti a Cristo, che offre se stesso per amore dell\u2019umanit\u00e0. \u00c8 anche tempo in cui \u2013 attraverso tradizioni e rievocazioni storiche \u2013 si esprime la fede che si incultura [&hellip;]<\/p>\n","protected":false},"author":4,"featured_media":192084,"comment_status":"open","ping_status":"open","sticky":false,"template":"","format":"standard","meta":{"ub_ctt_via":"","_mi_skip_tracking":false},"categories":[6],"tags":[4634,1690,1182,1242,7163],"featured_image_src":"https:\/\/www.messinaoggi.it\/website\/wp-content\/uploads\/2024\/03\/diocesi-di-Messina-1.jpg","author_info":{"display_name":"redme","author_link":"https:\/\/www.messinaoggi.it\/website\/author\/redme\/"},"digistream_id":0,"digistream":false,"_links":{"self":[{"href":"https:\/\/www.messinaoggi.it\/website\/wp-json\/wp\/v2\/posts\/192079"}],"collection":[{"href":"https:\/\/www.messinaoggi.it\/website\/wp-json\/wp\/v2\/posts"}],"about":[{"href":"https:\/\/www.messinaoggi.it\/website\/wp-json\/wp\/v2\/types\/post"}],"author":[{"embeddable":true,"href":"https:\/\/www.messinaoggi.it\/website\/wp-json\/wp\/v2\/users\/4"}],"replies":[{"embeddable":true,"href":"https:\/\/www.messinaoggi.it\/website\/wp-json\/wp\/v2\/comments?post=192079"}],"version-history":[{"count":1,"href":"https:\/\/www.messinaoggi.it\/website\/wp-json\/wp\/v2\/posts\/192079\/revisions"}],"predecessor-version":[{"id":192085,"href":"https:\/\/www.messinaoggi.it\/website\/wp-json\/wp\/v2\/posts\/192079\/revisions\/192085"}],"wp:featuredmedia":[{"embeddable":true,"href":"https:\/\/www.messinaoggi.it\/website\/wp-json\/wp\/v2\/media\/192084"}],"wp:attachment":[{"href":"https:\/\/www.messinaoggi.it\/website\/wp-json\/wp\/v2\/media?parent=192079"}],"wp:term":[{"taxonomy":"category","embeddable":true,"href":"https:\/\/www.messinaoggi.it\/website\/wp-json\/wp\/v2\/categories?post=192079"},{"taxonomy":"post_tag","embeddable":true,"href":"https:\/\/www.messinaoggi.it\/website\/wp-json\/wp\/v2\/tags?post=192079"}],"curies":[{"name":"wp","href":"https:\/\/api.w.org\/{rel}","templated":true}]}}