{"id":191917,"date":"2024-03-22T08:56:11","date_gmt":"2024-03-22T07:56:11","guid":{"rendered":"http:\/\/www.messinaoggi.it\/website\/?p=191917"},"modified":"2024-03-22T08:56:13","modified_gmt":"2024-03-22T07:56:13","slug":"europee-antoci-capolista-dei-5-stelle-antonio-de-luca-per-noi-la-legalita-e-un-pilastro-irrinunciabile","status":"publish","type":"post","link":"https:\/\/www.messinaoggi.it\/website\/2024\/03\/22\/europee-antoci-capolista-dei-5-stelle-antonio-de-luca-per-noi-la-legalita-e-un-pilastro-irrinunciabile\/","title":{"rendered":"Europee, Antoci capolista dei 5 Stelle. Antonio De Luca: \u201cPer noi la legalit\u00e0 \u00e8 un pilastro irrinunciabile\u201d"},"content":{"rendered":"\n<p>L\u2019ex presidente del parco dei Nebrodi Giuseppe Antoci, che da anni vive sotto scorta a seguito di un attentato mafioso nei suoi confronti, sar\u00e0 il capolista del Movimento 5 Stelle per la circoscrizione isole in occasione delle prossime elezioni europee. Una notizia che \u00e8 stata accolta con entusiasmo dai vertici del partito in Sicilia.<div id=\"div-gpt-ad-Messinaoggi.it-DSK-300x250-corpoart\" style=\"text-align:center;margin:0 auto;\"><\/div><\/p>\n\n\n\n<p>\u201cLa candidatura di Giuseppe Antoci quale capolista M5S alle prossime elezioni europee per la circoscrizione isole \u2013 dichiara il capogruppo del M5S all&#8217;Ars Antonio De Luca &#8211; rientra nel solco delle scelte gi\u00e0 fatte dal M5S nel recente passato che ci hanno permesso di portare dentro le istituzioni importanti e validissimi soggetti, la cui carriera, dedicata alla lotta al malaffare, pu\u00f2 essere certamente una garanzia per i cittadini onesti.<div id=\"videoincontent\" style=\"clear:both\";><\/div><\/p>\n\n\n\n<p>\u201cQuella dell&#8217;ex presidente del parco dei Nebrodi \u00e8 una candidatura forte e altamente simbolica che conferma che la legalit\u00e0 per noi \u00e8 un pilatro irrinunciabile. Le azioni a difesa della legalit\u00e0 poste in essere da Antoci, al prezzo di pesanti ripercussioni sulla sua sicurezza personale, quando era presidente del Parco dei Nebrodi, sono sotto gli occhi di tutti e il suo Protocollo della legalit\u00e0, che \u00e8 diventato legge dello Stato, \u00e8 stato apprezzato anche in Europa, dove il Movimento 5 Stelle far\u00e0 sentire forte la sua voce anche nella prossima legislatura\u201d.<\/p>\n","protected":false},"excerpt":{"rendered":"<p>L\u2019ex presidente del parco dei Nebrodi Giuseppe Antoci, che da anni vive sotto scorta a seguito di un attentato mafioso nei suoi confronti, sar\u00e0 il capolista del Movimento 5 Stelle per la circoscrizione isole in occasione delle prossime elezioni europee. Una notizia che \u00e8 stata accolta con entusiasmo dai vertici del partito in Sicilia. \u201cLa [&hellip;]<\/p>\n","protected":false},"author":8,"featured_media":1437,"comment_status":"open","ping_status":"open","sticky":false,"template":"","format":"standard","meta":{"ub_ctt_via":"","_mi_skip_tracking":false},"categories":[4],"tags":[1113,9432,3013,2841],"featured_image_src":"https:\/\/www.messinaoggi.it\/website\/wp-content\/uploads\/2017\/06\/Antoci-Giuseppe-Parco-Nebrodi-2.jpg","author_info":{"display_name":"red..me","author_link":"https:\/\/www.messinaoggi.it\/website\/author\/redstage\/"},"digistream_id":0,"digistream":false,"_links":{"self":[{"href":"https:\/\/www.messinaoggi.it\/website\/wp-json\/wp\/v2\/posts\/191917"}],"collection":[{"href":"https:\/\/www.messinaoggi.it\/website\/wp-json\/wp\/v2\/posts"}],"about":[{"href":"https:\/\/www.messinaoggi.it\/website\/wp-json\/wp\/v2\/types\/post"}],"author":[{"embeddable":true,"href":"https:\/\/www.messinaoggi.it\/website\/wp-json\/wp\/v2\/users\/8"}],"replies":[{"embeddable":true,"href":"https:\/\/www.messinaoggi.it\/website\/wp-json\/wp\/v2\/comments?post=191917"}],"version-history":[{"count":1,"href":"https:\/\/www.messinaoggi.it\/website\/wp-json\/wp\/v2\/posts\/191917\/revisions"}],"predecessor-version":[{"id":191918,"href":"https:\/\/www.messinaoggi.it\/website\/wp-json\/wp\/v2\/posts\/191917\/revisions\/191918"}],"wp:featuredmedia":[{"embeddable":true,"href":"https:\/\/www.messinaoggi.it\/website\/wp-json\/wp\/v2\/media\/1437"}],"wp:attachment":[{"href":"https:\/\/www.messinaoggi.it\/website\/wp-json\/wp\/v2\/media?parent=191917"}],"wp:term":[{"taxonomy":"category","embeddable":true,"href":"https:\/\/www.messinaoggi.it\/website\/wp-json\/wp\/v2\/categories?post=191917"},{"taxonomy":"post_tag","embeddable":true,"href":"https:\/\/www.messinaoggi.it\/website\/wp-json\/wp\/v2\/tags?post=191917"}],"curies":[{"name":"wp","href":"https:\/\/api.w.org\/{rel}","templated":true}]}}