{"id":19185,"date":"2018-05-10T17:25:48","date_gmt":"2018-05-10T15:25:48","guid":{"rendered":"http:\/\/www.messinaoggi.it\/website\/?p=19185"},"modified":"2018-05-10T17:25:48","modified_gmt":"2018-05-10T15:25:48","slug":"presentati-al-palacultura-i-fondi-del-pon-metro","status":"publish","type":"post","link":"https:\/\/www.messinaoggi.it\/website\/2018\/05\/10\/presentati-al-palacultura-i-fondi-del-pon-metro\/","title":{"rendered":"Presentati al Palacultura i fondi del PON Metro"},"content":{"rendered":"<p style=\"text-align: justify\">Dallo sviluppo sostenibile e il digitale alla mobilit\u00e0, il welfare e l&#8217;energia per un totale di oltre trenta progetti pensati per una citt\u00e0 sempre pi\u00f9 moderna: al Palacultura, in occasione della Festa dell\u2019Europa e dei 30 anni dall\u2019avvio delle politiche di coesione,\u00a0 stamani la giunta ha presentato l&#8217;iniziativa \u201cIl PON Metro incontra la Citt\u00e0\u201d. L&#8217;incontro aperto al pubblico, moderato giornalista Antonio Giordano e presieduto dal primo cittadino Renato Accorinti, \u00e8 stato promosso per far conoscere ai cittadini le strategie che hanno portato alla definizione dei progetti nati all&#8217;acquisizione dei fondi Pon Metro \u2013 Citt\u00e0 di Messina.<div id=\"div-gpt-ad-Messinaoggi.it-DSK-300x250-corpoart\" style=\"text-align:center;margin:0 auto;\"><\/div><\/p>\n<p style=\"text-align: justify\">Ha preso parte al meeting il segretario generale\/direttore generale e responsabile OI Pon Metro, Antonio Le Donne, intervenuto su \u201cLa festa dell\u2019Europa e i 30 anni dei fondi europei\u201d; seguito dalla presentazione generale del PON METRO a cura di Giorgio Martini, dell\u2019Autorit\u00e0 di Gestione PON Metro, e quella del \u201cPiano Operativo Pon Metro: citt\u00e0 di Messina\u201d, di Giacomo Villari, responsabile STC OI PON Metro.<div id=\"videoincontent\" style=\"clear:both\";><\/div><\/p>\n<p style=\"text-align: justify\">A seguire sono stati illustrati le principali relazioni per ciascun asse: <strong>\u201cStrategie per una Agenda Digitale Urbana \u201d<\/strong>, dall\u2019assessore alle Politiche del Territorio, Sergio De Cola, con Giuseppe Arrigo; <strong>\u201cEnergia e Mobilit\u00e0 sostenibile, la transizione verso una comunit\u00e0 green\u201d<\/strong> dall\u2019assessore alla Mobilit\u00e0 e Trasporti, Gaetano Cacciola, con Vito Leotta e Silvana Mondello; <strong>\u201cLa Citt\u00e0 Inclusiva, verso un nuovo sistema di welfare\u201d<\/strong> dall\u2019assessore alle Politiche Sociali, Nina Santisi, con Sara Tornesi; <strong>\u201cPolitiche dell\u2019abitare, tra percorsi di valorizzazione e risanamento urbano\u201d<\/strong> dall\u2019assessore alla Protezione Civile, Sebastiano Pino, con Rosa Antonuccio.<\/p>\n<p style=\"text-align: justify\">A conclusione del programma della giornata l\u2019allestimento di tavoli tecnici dedicati all\u2019approfondimento dei progetti suddivisi per asse di finanziamento.<\/p>\n<p style=\"text-align: justify\">Tra gli assenti invece il candidato a sindaco <strong>Pippo Trischitta<\/strong> che \u00e8 prontamente intervenuto sulla questione attraverso una nota: &#8220;<em>Non ho ricevuto alcun invito dal sindaco Accorinti\u201d ha precisato l&#8217;ex forzista che nel corso dell&#8217;ultimo mandato ha spesso battagliato con l&#8217;attuale giunta, ha tuttavia voluto evidenziare la propria disponibilit\u00e0 ad intavolare un confronto su i temi pi\u00f9 cari al futuro di Messina:\u00a0\u201cSono disponibile in qualsiasi momento \u2013 chiosa Trischitta &#8211; ad un confronto su questo ed altri argomenti, che pongono al centro della discussione il bene della nostra citt\u00e0 e i programmi futuri&#8221;.<\/em><\/p>\n<p style=\"font-weight: 400;text-align: justify\"><strong>Segnali d&#8217;apertura.<\/strong> Dall&#8217;altro fronte politico invece, l&#8217;Amministrazione incassa i complimenti del candidato del centrosinistra <strong>Antonio Saitta<\/strong> che ammette:\u00a0&#8220;I fondi destinanti a Messina dal Programma operativo nazionale, Pon Citt\u00e0 metropolitane 2014-2020, sono un risultato positivo che l\u2019amministrazione comunale ha conseguito. L\u2019ho constatato, accettando l&#8217;invito del sindaco e della sua giunta alla presentazione di questa mattina\u201d.\u00a0 Il professore aggiunge: \u201cI finanziamenti previsti per i progetti fanno comprendere ancora di pi\u00f9 l&#8217;importanza della Citt\u00e0 metropolitana, risultato che Messina ha conseguito, bisogna ricordarlo, grazie anche alla lungimiranza e all\u2019impegno dell\u2019ex presidente dell\u2019Ars, Giovanni Ardizzone. Ancora di pi\u00f9 mi convinco che programmazione e progettazione sono strade imprescindibili per il futuro della citt\u00e0 \u2013 conclude Saitta \u2013 linee essenziali sulle quali non bisogna mantenere pregiudizi e divisioni politiche. Il futuro sindaco della citt\u00e0 deve essere aperto al confronto con assoluta responsabilit\u00e0 amministrativa\u201d.<\/p>\n<p style=\"text-align: justify\">\n","protected":false},"excerpt":{"rendered":"<p>Dallo sviluppo sostenibile e il digitale alla mobilit\u00e0, il welfare e l&#8217;energia per un totale di oltre trenta progetti pensati per una citt\u00e0 sempre pi\u00f9 moderna: al Palacultura, in occasione della Festa dell\u2019Europa e dei 30 anni dall\u2019avvio delle politiche di coesione,\u00a0 stamani la giunta ha presentato l&#8217;iniziativa \u201cIl PON Metro incontra la Citt\u00e0\u201d. L&#8217;incontro [&hellip;]<\/p>\n","protected":false},"author":6,"featured_media":7304,"comment_status":"closed","ping_status":"open","sticky":false,"template":"","format":"standard","meta":{"ub_ctt_via":"","_mi_skip_tracking":false},"categories":[4],"tags":[],"featured_image_src":"https:\/\/www.messinaoggi.it\/website\/wp-content\/uploads\/2017\/09\/Palacultura-Antonello-2.jpg","author_info":{"display_name":"Redazione MessinaOggi.it","author_link":"https:\/\/www.messinaoggi.it\/website\/author\/p-vinci\/"},"digistream_id":0,"digistream":false,"_links":{"self":[{"href":"https:\/\/www.messinaoggi.it\/website\/wp-json\/wp\/v2\/posts\/19185"}],"collection":[{"href":"https:\/\/www.messinaoggi.it\/website\/wp-json\/wp\/v2\/posts"}],"about":[{"href":"https:\/\/www.messinaoggi.it\/website\/wp-json\/wp\/v2\/types\/post"}],"author":[{"embeddable":true,"href":"https:\/\/www.messinaoggi.it\/website\/wp-json\/wp\/v2\/users\/6"}],"replies":[{"embeddable":true,"href":"https:\/\/www.messinaoggi.it\/website\/wp-json\/wp\/v2\/comments?post=19185"}],"version-history":[{"count":0,"href":"https:\/\/www.messinaoggi.it\/website\/wp-json\/wp\/v2\/posts\/19185\/revisions"}],"wp:featuredmedia":[{"embeddable":true,"href":"https:\/\/www.messinaoggi.it\/website\/wp-json\/wp\/v2\/media\/7304"}],"wp:attachment":[{"href":"https:\/\/www.messinaoggi.it\/website\/wp-json\/wp\/v2\/media?parent=19185"}],"wp:term":[{"taxonomy":"category","embeddable":true,"href":"https:\/\/www.messinaoggi.it\/website\/wp-json\/wp\/v2\/categories?post=19185"},{"taxonomy":"post_tag","embeddable":true,"href":"https:\/\/www.messinaoggi.it\/website\/wp-json\/wp\/v2\/tags?post=19185"}],"curies":[{"name":"wp","href":"https:\/\/api.w.org\/{rel}","templated":true}]}}