{"id":19170,"date":"2018-05-10T10:39:00","date_gmt":"2018-05-10T08:39:00","guid":{"rendered":"http:\/\/www.messinaoggi.it\/website\/?p=19170"},"modified":"2018-05-10T10:39:00","modified_gmt":"2018-05-10T08:39:00","slug":"bicincitta-pedalata-non-competitiva-in-74-citta-italiane-messina-ce","status":"publish","type":"post","link":"https:\/\/www.messinaoggi.it\/website\/2018\/05\/10\/bicincitta-pedalata-non-competitiva-in-74-citta-italiane-messina-ce\/","title":{"rendered":"Bicincitt\u00e0: pedalata non competitiva in 74 citt\u00e0 italiane, Messina c&#039;\u00e8"},"content":{"rendered":"<p>Oltre settanta citt\u00e0 italiane celebreranno domenica la Giornata nazionale della bicicletta, promossa dal ministero dell\u2019Ambiente, con Bicincitt\u00e0. Tra maggio e giugno saranno 30mila i ciclisti impegnati in una festa di sport per tutta la famiglia, una pedalata non competitiva nelle strade e nelle piazze di tutta la penisola per chiedere aria pulita, sostenibilit\u00e0 ambientale e strade sicure.<br \/>\nLa quota di iscrizione alla manifestazione \u00e8 6 euro e pu\u00f2 essere effettuata nella sede Uisp di Messina, in via Risorgimento 210\/B, oppure al raduno di piazza Duomo. Agli iscritti sar\u00e0 data una maglietta, prevista la distribuzione di acqua e frutta con premi a sorteggio. Il programma di domenica 13 prevede il raduno a piazza Duomo alle 8.30, alle 10 avr\u00e0 inizio la tradizionale passeggiata in bici.<div id=\"div-gpt-ad-Messinaoggi.it-DSK-300x250-corpoart\" style=\"text-align:center;margin:0 auto;\"><\/div><\/p>\n<div id=\"videoincontent\" style=\"clear:both\";><\/div>","protected":false},"excerpt":{"rendered":"<p>Oltre settanta citt\u00e0 italiane celebreranno domenica la Giornata nazionale della bicicletta, promossa dal ministero dell\u2019Ambiente, con Bicincitt\u00e0. Tra maggio e giugno saranno 30mila i ciclisti impegnati in una festa di sport per tutta la famiglia, una pedalata non competitiva nelle strade e nelle piazze di tutta la penisola per chiedere aria pulita, sostenibilit\u00e0 ambientale e [&hellip;]<\/p>\n","protected":false},"author":4,"featured_media":2150,"comment_status":"closed","ping_status":"open","sticky":false,"template":"","format":"standard","meta":{"ub_ctt_via":"","_mi_skip_tracking":false},"categories":[8,9],"tags":[],"featured_image_src":"https:\/\/www.messinaoggi.it\/website\/wp-content\/uploads\/2017\/06\/accorinti-in-biciclietta-via-garibaldi-3.jpg","author_info":{"display_name":"redme","author_link":"https:\/\/www.messinaoggi.it\/website\/author\/redme\/"},"digistream_id":0,"digistream":false,"_links":{"self":[{"href":"https:\/\/www.messinaoggi.it\/website\/wp-json\/wp\/v2\/posts\/19170"}],"collection":[{"href":"https:\/\/www.messinaoggi.it\/website\/wp-json\/wp\/v2\/posts"}],"about":[{"href":"https:\/\/www.messinaoggi.it\/website\/wp-json\/wp\/v2\/types\/post"}],"author":[{"embeddable":true,"href":"https:\/\/www.messinaoggi.it\/website\/wp-json\/wp\/v2\/users\/4"}],"replies":[{"embeddable":true,"href":"https:\/\/www.messinaoggi.it\/website\/wp-json\/wp\/v2\/comments?post=19170"}],"version-history":[{"count":0,"href":"https:\/\/www.messinaoggi.it\/website\/wp-json\/wp\/v2\/posts\/19170\/revisions"}],"wp:featuredmedia":[{"embeddable":true,"href":"https:\/\/www.messinaoggi.it\/website\/wp-json\/wp\/v2\/media\/2150"}],"wp:attachment":[{"href":"https:\/\/www.messinaoggi.it\/website\/wp-json\/wp\/v2\/media?parent=19170"}],"wp:term":[{"taxonomy":"category","embeddable":true,"href":"https:\/\/www.messinaoggi.it\/website\/wp-json\/wp\/v2\/categories?post=19170"},{"taxonomy":"post_tag","embeddable":true,"href":"https:\/\/www.messinaoggi.it\/website\/wp-json\/wp\/v2\/tags?post=19170"}],"curies":[{"name":"wp","href":"https:\/\/api.w.org\/{rel}","templated":true}]}}