{"id":191658,"date":"2024-03-20T15:30:17","date_gmt":"2024-03-20T14:30:17","guid":{"rendered":"http:\/\/www.messinaoggi.it\/website\/?p=191658"},"modified":"2024-03-20T15:30:19","modified_gmt":"2024-03-20T14:30:19","slug":"vittime-delle-mafie-29ma-giornata-della-memoria-di-libera","status":"publish","type":"post","link":"https:\/\/www.messinaoggi.it\/website\/2024\/03\/20\/vittime-delle-mafie-29ma-giornata-della-memoria-di-libera\/","title":{"rendered":"Vittime delle mafie: 29ma Giornata della memoria di Libera"},"content":{"rendered":"\n<p>La \u201cGiornata della Memoria e dell&#8217;Impegno in ricordo delle vittime innocenti delle mafie\u201d promossa da &#8220;Libera. Associazioni, nomi e numeri contro le mafie APS&#8221;, giunta alla sua ventinovesima edizione, rappresenta un&#8217;occasione concreta per chiedere Verit\u00e0 e Giustizia e fare Memoria Viva, memoria di tutte le vittime innocenti delle mafie.<div id=\"div-gpt-ad-Messinaoggi.it-DSK-300x250-corpoart\" style=\"text-align:center;margin:0 auto;\"><\/div><\/p>\n\n\n\n<p>Persone, rese vittime dalla violenza mafiosa, che rappresentano storie, scelte e impegno. Lo stesso impegno che viene portato avanti dalle centinaia di familiari che camminano con Libera e che ne costituiscono il nucleo pi\u00f9 profondo ed essenziale. <div id=\"videoincontent\" style=\"clear:both\";><\/div><\/p>\n\n\n\n<p>&#8220;Ogni anno, il primo giorno di primavera, scegliamo di camminare al loro fianco, per sostenere le loro istanze e rinnovare la memoria collettiva. Il 21 marzo saremo a Roma dove avr\u00e0 luogo la manifestazione nazionale: Roma Citt\u00e0 Aperta \u00e8 lo slogan di quest&#8217;anno. Consci della forza criminale e forti della ricchezza di un percorso lungo quasi 30 anni &#8211; un percorso di continuo cambiamento dei nostri territori nel segno del noi \u2013 riaccenderemo insieme i riflettori sulla presenza della criminalit\u00e0 organizzata nella Capitale e nel Lazio, cos\u00ec come sui nostri territori, per combattere la pericolosa e sempre pi\u00f9 dilagante normalizzazione dei fenomeni mafiosi e corruttivi&#8221; si legge nella nota dell&#8217;associazione.<\/p>\n\n\n\n<p>Libera a Messina, che anche quest&#8217;anno ha promosso numerose iniziative, i \u201c100 passi verso il 21 marzo\u201d, con il consueto obiettivo di costruire una partecipazione consapevole alla Giornata, parteciper\u00e0 con una delegazione alla manifestazione nazionale di Roma, di cui faranno parte, tra gli altri, i ragazzi e le ragazze dell&#8217;UdU e della Rete degli Studenti Medi, ma anche quelli del Progetto Amun\u00ec, realizzato da Libera in collaborazione con l&#8217;Ufficio del Servizio Sociale per i Minorenni di Messina, che prevede il coinvolgimento di un gruppo di minori dell&#8217;area penale in percorsi di cittadinanza attiva.  <\/p>\n\n\n\n<p>E come ogni anno, in citt\u00e0 e in provincia, saranno tante le iniziative realizzate in collaborazione con Libera a Messina dalle associazioni, dalle organizzazioni e dalle scuole: letture dei nomi delle vittime innocenti delle mafie, incontri e momenti di riflessione contribuiranno a diffondere il messaggio della Giornata.   <\/p>\n\n\n\n<p>Di seguito alcuni dei \u201cLuoghi di Memoria e Impegno\u201d di Messina e provincia:  <\/p>\n\n\n\n<p>\u2022 UIL Messina &#8211; ore 11.00 Lettura dei nomi presso la sede della UIL Messina &#8211; (21 marzo) <\/p>\n\n\n\n<p>\u2022 CGIL Messina &#8211; ore 10:00 Lettura dei Nomi presso lo spazio aperto della CGIL Messina &#8211; (21 marzo) <\/p>\n\n\n\n<p>\u2022 Rotatoria &#8220;Martiri e Vittime della mafia&#8221; Viale Giostra a Messina ore 10:00 \u2013 Lettura dei nomi promossa da Cittadinanzattiva ME, Kiwanis Antonello da Messina, Circolo Legambiente dei Peloritani, IC Villa Lina (Plesso Vann&#8217;Ant\u00f2, Parrocchia di San Matteo, Movimento azzurro, Comitato Civico Messina la Citt\u00e0 Dimenticata, Ass. Naz. Insigniti dell&#8217;ordine al merito della Repubblica Italiana e Decorati (21 marzo) <\/p>\n\n\n\n<p>\u2022 Lettura dei nomi delle vittime innocenti delle mafie e spazio di condivisione aperto a contributi e riflessioni presso Spazio Saraj, Bene confiscato di Via Citarella 33 a Messina ore 17:00. L&#8217;iniziativa \u00e8 promossa da Anymore Onlus, Presidio Libera Messina, Progetto Amun\u00ec, UDU Messina, Rete degli Studenti Messina, AGESCI Zona dello Stretto, CNGEI Messina, Beddam\u00e9 Food Travel People <\/p>\n\n\n\n<p>\u2022 Lettura dei nomi in Piazza Abbate Cacciola promossa dall&#8217;Azione Cattolica, Giardini Naxos (17 marzo) <\/p>\n\n\n\n<p>\u2022 Lettura dei nomi presso la Piazzetta di Via Pirandello a Torregrotta promossa dall&#8217;Associazione Ark\u00e9 &#8211; ore 15:00 (21 marzo) <\/p>\n\n\n\n<p>\u2022 CSI &#8211; Comitato Territoriale di Messina \u2013 Attivit\u00e0 sportive presso il Polo Sportivo Educativo Giovanni XXIII e la Casa Circondariale di Gazzi (16 e 17 marzo) <\/p>\n\n\n\n<p>\u2022 IC Albino Luciani, con il Coordinamento Mettiamoci in Gioco e l&#8217;ACISJF, Messina ore 9:00 \u2013 Incontro\/Dibattito sul tema \u201cCoscienza civile e lotta alla mafia\u201d e lettura dei nomi (21 marzo) <\/p>\n\n\n\n<p>\u2022 IC G. Catalfamo (Plesso centrale Via dei Gelsomini), Messina ore 11:00 &#8211; Riflessioni e lettura dei nomi insieme al Baby Consiglio della II Circoscrizione, il Liceo E. Ainis, il CPIA Catalfamo, l&#8217;ANPI,  le associazioni e gli enti aderenti al Patto Educativo: Pro Loco Messina Sud, Associazione Ionio, Teatro 3mestieri, Museo del Grano, Parrocchie, II Municipalit\u00e0 (21 marzo) <\/p>\n\n\n\n<p>\u2022 IC Mazzini, Messina \u2013 Laboratori di scrittura e giornalismo verso il 21 marzo, lettura degli elaborati e collegamento in diretta con la Piazza di Roma (21 marzo) <\/p>\n\n\n\n<p>\u2022 IC Evemero da Messina (Plesso centrale), Messina \u2013 ore 10:00  Incontro\/Dibattito sul tema del \u201cRuolo delle istituzioni e dello sport nella lotta alla mentalit\u00e0 e ai comportamenti mafiosi&#8221; (22 marzo) <\/p>\n\n\n\n<p>\u2022 IC Tremestieri, Messina &#8211;  Laboratori verso il 21 marzo <\/p>\n\n\n\n<p>\u2022 IC La Pira Gentiluomo (Plesso Scuola secondaria la Pira), Messina ore 10:00 \u2013 Attivit\u00e0 di approfondimento verso il 21 marzo (21 marzo) <\/p>\n\n\n\n<p>\u2022 IC Vittorini, Messina &#8211; Messa a dimora di una magnolia in memoria delle donne e di tutte le vittime innocenti delle mafie e lettura dei nomi (21 marzo) <\/p>\n\n\n\n<p>\u2022 IIS Verona Trento-Majorana (21 marzo) \u2013 Momenti di riflessione e laboratori sul tema \u201cStorie di donne vittime innocenti di mafie e di femminicidio: dalla violenza all\u2019impegno\u201d  <\/p>\n\n\n\n<p>\u2022 Lettura dei nomi presso l&#8217;Aula della Memoria delle Vittime della mafia a Rometta Marea promossa dall&#8217;Amministrazione Comunale e dall&#8217;IC Saponara \u2013 ore 9:30 (21 marzo) <\/p>\n\n\n\n<p>\u2022 IC L. Capuana &#8211; Barcellona P.G. (Plesso Scuola Secondaria di I grado &#8220;G. Verga&#8221;) &#8211; Incontro\/Dibattito con il coinvolgimento dei familiari di Peppe Alfano sul tema &#8220;Il giornalismo d\u2019inchiesta: riconoscere le mafie per contrastarle&#8221; (21 marzo) <\/p>\n\n\n\n<p>\u2022 IC Foscolo, Barcellona P.G. &#8211; Lettura dei nomi ore 11:50 (21 marzo) <\/p>\n\n\n\n<p>\u2022 Direzione Didattica di Santa Teresa di Riva (Cortili dei vari plessi) ore 10:00 &#8211; Momenti di riflessione e letture dei nomi (21 marzo) <\/p>\n\n\n\n<p>\u2022 IIS Merendino, Capo d\u2019Orlando &#8211; Laboratori verso il 21 marzo &amp; Mostra \u201cCome pietre d&#8217;inciampo\u201d reale e virtuale (21 marzo) <\/p>\n\n\n\n<p>\u2022 IIS Sciascia, Sant\u2019Agata di Militello \u2013 Momenti di riflessione e lettura dei nomi nei tre plessi (21 marzo) <\/p>\n\n\n\n<p>\u2022 La Consulta Provinciale degli Studenti di Messina promuove e coordina la lettura dei nomi delle vittime innocenti in tutte le scuole della provincia di Messina (21 marzo)  <\/p>\n","protected":false},"excerpt":{"rendered":"<p>La \u201cGiornata della Memoria e dell&#8217;Impegno in ricordo delle vittime innocenti delle mafie\u201d promossa da &#8220;Libera. Associazioni, nomi e numeri contro le mafie APS&#8221;, giunta alla sua ventinovesima edizione, rappresenta un&#8217;occasione concreta per chiedere Verit\u00e0 e Giustizia e fare Memoria Viva, memoria di tutte le vittime innocenti delle mafie. Persone, rese vittime dalla violenza mafiosa, [&hellip;]<\/p>\n","protected":false},"author":15,"featured_media":191661,"comment_status":"open","ping_status":"open","sticky":false,"template":"","format":"standard","meta":{"ub_ctt_via":"","_mi_skip_tracking":false},"categories":[6],"tags":[993,994,7949,7948],"featured_image_src":"https:\/\/www.messinaoggi.it\/website\/wp-content\/uploads\/2024\/03\/21-marzo-Roma_DEF.jpeg","author_info":{"display_name":"red.me","author_link":"https:\/\/www.messinaoggi.it\/website\/author\/red-me\/"},"digistream_id":0,"digistream":false,"_links":{"self":[{"href":"https:\/\/www.messinaoggi.it\/website\/wp-json\/wp\/v2\/posts\/191658"}],"collection":[{"href":"https:\/\/www.messinaoggi.it\/website\/wp-json\/wp\/v2\/posts"}],"about":[{"href":"https:\/\/www.messinaoggi.it\/website\/wp-json\/wp\/v2\/types\/post"}],"author":[{"embeddable":true,"href":"https:\/\/www.messinaoggi.it\/website\/wp-json\/wp\/v2\/users\/15"}],"replies":[{"embeddable":true,"href":"https:\/\/www.messinaoggi.it\/website\/wp-json\/wp\/v2\/comments?post=191658"}],"version-history":[{"count":2,"href":"https:\/\/www.messinaoggi.it\/website\/wp-json\/wp\/v2\/posts\/191658\/revisions"}],"predecessor-version":[{"id":191660,"href":"https:\/\/www.messinaoggi.it\/website\/wp-json\/wp\/v2\/posts\/191658\/revisions\/191660"}],"wp:featuredmedia":[{"embeddable":true,"href":"https:\/\/www.messinaoggi.it\/website\/wp-json\/wp\/v2\/media\/191661"}],"wp:attachment":[{"href":"https:\/\/www.messinaoggi.it\/website\/wp-json\/wp\/v2\/media?parent=191658"}],"wp:term":[{"taxonomy":"category","embeddable":true,"href":"https:\/\/www.messinaoggi.it\/website\/wp-json\/wp\/v2\/categories?post=191658"},{"taxonomy":"post_tag","embeddable":true,"href":"https:\/\/www.messinaoggi.it\/website\/wp-json\/wp\/v2\/tags?post=191658"}],"curies":[{"name":"wp","href":"https:\/\/api.w.org\/{rel}","templated":true}]}}