{"id":19151,"date":"2018-05-09T19:28:58","date_gmt":"2018-05-09T17:28:58","guid":{"rendered":"http:\/\/www.messinaoggi.it\/website\/?p=19151"},"modified":"2018-05-09T19:28:58","modified_gmt":"2018-05-09T17:28:58","slug":"il-movimento-sicilianista-smentisce-non-appoggeremo-la-candidatura-di-de-luca","status":"publish","type":"post","link":"https:\/\/www.messinaoggi.it\/website\/2018\/05\/09\/il-movimento-sicilianista-smentisce-non-appoggeremo-la-candidatura-di-de-luca\/","title":{"rendered":"Il movimento sicilianista smentisce: &quot;Non appoggeremo la candidatura di De Luca&quot;"},"content":{"rendered":"<p style=\"text-align: justify\">&#8220;Spiace assistere costantemente a questi tentativi di strumentalizzare il movimento sicilianista, fatte da persone sempre e solo all\u2019avvicinarsi di tornate elettorali\u201d. L&#8217;associazione \u201cLa Sicilia ai Siciliani\u201d, attraverso le parole del presidente Salvatore Mangano smentisce qualsiasi supporto alla candidatura a sindaco della citt\u00e0 dello Stretto di Cateno De Luca. Infondate le notizie che davano gli indipendentisti vicini al deputato regionale, figlie di un errato accostamento con il Movimento Politico \u201cSicilia ai Siciliani\u201d.<div id=\"div-gpt-ad-Messinaoggi.it-DSK-300x250-corpoart\" style=\"text-align:center;margin:0 auto;\"><\/div><\/p>\n<p style=\"text-align: justify\">\u201cIl nostro nome presidente dell\u2019associazione \u00e8 stato registrato presso l\u2019agenzia delle entrate gi\u00e0 dal 2010. Spiace leggere di questi comunicati che generano solo confusione&#8221; afferma Salvatore Mangano. Il primo esponente rincara la dose rimarcando l&#8217;identit\u00e0 dell&#8217;associazione e la sua autonomia dalle manovre politiche che stanno caratterizzando Messina:\u00a0<em>&#8220;Invitiamo il signor Zangh\u00ec a smettere di inflazionare il nobile nome, tratto dal titolo del pamphlet scritto da Antonio Canepa nel 1942-1943, con squallide operazioni elettorali, che nulla hanno a che vedere con la storia dell\u2019indipendentismo ed autonomismo siciliano. Anzi lo invitiamo a prendere parte alle nostre numerose attivit\u00e0 culturali e civiche. Lo aspettiamo quindi alla commemorazione dei Camiciotti, che ci vede partecipi tutti gli anni. Agli incontri e presentazione di libri, non quelli scritti da politici, ma quelli di veri amanti della Sicilia, storici e studiosi che provano a dare nuove luce ad oscure e faziose fasi della nostra storia. Lo aspettiamo il 17 Giugno a Randazzo a commemorare l\u2019uccisione di Canepa, ed a tutte le nostre battaglie, civili e politiche, per tutelare la dignit\u00e0 del popolo siciliano e le prerogative dello Statuto di Autonomia, che, ricordiamo, \u00e8 pi\u00f9 antico della Costituzione della Repubblica Italiana&#8221;.<\/em><div id=\"videoincontent\" style=\"clear:both\";><\/div><\/p>\n","protected":false},"excerpt":{"rendered":"<p>&#8220;Spiace assistere costantemente a questi tentativi di strumentalizzare il movimento sicilianista, fatte da persone sempre e solo all\u2019avvicinarsi di tornate elettorali\u201d. L&#8217;associazione \u201cLa Sicilia ai Siciliani\u201d, attraverso le parole del presidente Salvatore Mangano smentisce qualsiasi supporto alla candidatura a sindaco della citt\u00e0 dello Stretto di Cateno De Luca. Infondate le notizie che davano gli indipendentisti [&hellip;]<\/p>\n","protected":false},"author":6,"featured_media":19152,"comment_status":"closed","ping_status":"open","sticky":false,"template":"","format":"standard","meta":{"ub_ctt_via":"","_mi_skip_tracking":false},"categories":[4],"tags":[],"featured_image_src":"https:\/\/www.messinaoggi.it\/website\/wp-content\/uploads\/2018\/05\/de-luca-nudo-1.jpg","author_info":{"display_name":"Redazione MessinaOggi.it","author_link":"https:\/\/www.messinaoggi.it\/website\/author\/p-vinci\/"},"digistream_id":0,"digistream":false,"_links":{"self":[{"href":"https:\/\/www.messinaoggi.it\/website\/wp-json\/wp\/v2\/posts\/19151"}],"collection":[{"href":"https:\/\/www.messinaoggi.it\/website\/wp-json\/wp\/v2\/posts"}],"about":[{"href":"https:\/\/www.messinaoggi.it\/website\/wp-json\/wp\/v2\/types\/post"}],"author":[{"embeddable":true,"href":"https:\/\/www.messinaoggi.it\/website\/wp-json\/wp\/v2\/users\/6"}],"replies":[{"embeddable":true,"href":"https:\/\/www.messinaoggi.it\/website\/wp-json\/wp\/v2\/comments?post=19151"}],"version-history":[{"count":0,"href":"https:\/\/www.messinaoggi.it\/website\/wp-json\/wp\/v2\/posts\/19151\/revisions"}],"wp:featuredmedia":[{"embeddable":true,"href":"https:\/\/www.messinaoggi.it\/website\/wp-json\/wp\/v2\/media\/19152"}],"wp:attachment":[{"href":"https:\/\/www.messinaoggi.it\/website\/wp-json\/wp\/v2\/media?parent=19151"}],"wp:term":[{"taxonomy":"category","embeddable":true,"href":"https:\/\/www.messinaoggi.it\/website\/wp-json\/wp\/v2\/categories?post=19151"},{"taxonomy":"post_tag","embeddable":true,"href":"https:\/\/www.messinaoggi.it\/website\/wp-json\/wp\/v2\/tags?post=19151"}],"curies":[{"name":"wp","href":"https:\/\/api.w.org\/{rel}","templated":true}]}}