{"id":191471,"date":"2024-03-18T22:33:14","date_gmt":"2024-03-18T21:33:14","guid":{"rendered":"http:\/\/www.messinaoggi.it\/website\/?p=191471"},"modified":"2024-03-18T22:33:27","modified_gmt":"2024-03-18T21:33:27","slug":"talent-kids-i-magnifici-venti-sbarcano-a-riccione","status":"publish","type":"post","link":"https:\/\/www.messinaoggi.it\/website\/2024\/03\/18\/talent-kids-i-magnifici-venti-sbarcano-a-riccione\/","title":{"rendered":"&#8220;Talent kids&#8221;, i magnifici venti sbarcano a Riccione"},"content":{"rendered":"\n<p>Saranno venti bimbi a rappresentare la Sicilia orientale nella finale nazionale di &#8220;Talent Kids 2024&#8221; che si svolger\u00e0 a met\u00e0 giugno a Riccione.<br>Il concorso \u00e8 stato ideato dalla New Meta Event per offrire a giovani talentuosi, dai 4 ai 12 anni, di mettersi in gioco in categorie (ballo, canto e moda). La finale regionale si \u00e8 svolta a Milazzo ed \u00e8 stata un&#8217;esplosione di emozioni che ha coinvolto il tantissimo pubblico. La giuria formata da Elida Cacia, Antonio Pino, Francesco Speciale dell\u2019Associazione Siculomania e dagli esperti di canto Gabriella Bisignano, Annalisa Siracusa e Antonio Cannistr\u00e0 \u00e8 rimasta meravigliata per la bravura espressa dai partecipanti. In Romagna saranno tredici modelle e sette cantanti che cercheranno di stupire l\u2019Italia con determinazione e con la loro gioia virale. Ecco i nomi dei finalisti nazionali per categoria:<div id=\"div-gpt-ad-Messinaoggi.it-DSK-300x250-corpoart\" style=\"text-align:center;margin:0 auto;\"><\/div><\/p>\n\n\n\n<p>Moda Baby: Riccardo Greco, Mattia Bellinvia, Saverio Ilacqua di Barcellona e Mia Corridore di Messina.<div id=\"videoincontent\" style=\"clear:both\";><\/div><\/p>\n\n\n\n<p>Canto Baby: Gioele Costa di Pace del Mela, Rita Aloi di Messina.<\/p>\n\n\n\n<p>Moda Junior: Jasmine Bellinvia di Barcellona, Giulia Castorino di Messina di Messina e Vittoria Merlina di Capo d\u2019Orlando.<\/p>\n\n\n\n<p>Canto Junior: Ambra Ilacqua di Terme Vigliatore<\/p>\n\n\n\n<p>Moda Teen Ager: Isabella La Macchia di Milazzo, Jristel Passari e Virginia Polimeni di Messina, Aurora Genovese e Sofia Biscari di Barcellona, Asia Bisognano di Mazzar\u00e0 Sant\u2019Andrea.<\/p>\n\n\n\n<p>Canto Teen Ager: Ilaria Bianchetti di Pace del Mela, Annamaria La Spada di Patti, Maria Mangano di Giammoro, Carmela Merrina di Milazzo.<\/p>\n","protected":false},"excerpt":{"rendered":"<p>Saranno venti bimbi a rappresentare la Sicilia orientale nella finale nazionale di &#8220;Talent Kids 2024&#8221; che si svolger\u00e0 a met\u00e0 giugno a Riccione.Il concorso \u00e8 stato ideato dalla New Meta Event per offrire a giovani talentuosi, dai 4 ai 12 anni, di mettersi in gioco in categorie (ballo, canto e moda). La finale regionale si [&hellip;]<\/p>\n","protected":false},"author":4,"featured_media":191472,"comment_status":"open","ping_status":"open","sticky":false,"template":"","format":"standard","meta":{"ub_ctt_via":"","_mi_skip_tracking":false},"categories":[17],"tags":[],"featured_image_src":"https:\/\/www.messinaoggi.it\/website\/wp-content\/uploads\/2024\/03\/IMG-20240318-WA0068.jpg","author_info":{"display_name":"redme","author_link":"https:\/\/www.messinaoggi.it\/website\/author\/redme\/"},"digistream_id":0,"digistream":false,"_links":{"self":[{"href":"https:\/\/www.messinaoggi.it\/website\/wp-json\/wp\/v2\/posts\/191471"}],"collection":[{"href":"https:\/\/www.messinaoggi.it\/website\/wp-json\/wp\/v2\/posts"}],"about":[{"href":"https:\/\/www.messinaoggi.it\/website\/wp-json\/wp\/v2\/types\/post"}],"author":[{"embeddable":true,"href":"https:\/\/www.messinaoggi.it\/website\/wp-json\/wp\/v2\/users\/4"}],"replies":[{"embeddable":true,"href":"https:\/\/www.messinaoggi.it\/website\/wp-json\/wp\/v2\/comments?post=191471"}],"version-history":[{"count":1,"href":"https:\/\/www.messinaoggi.it\/website\/wp-json\/wp\/v2\/posts\/191471\/revisions"}],"predecessor-version":[{"id":191473,"href":"https:\/\/www.messinaoggi.it\/website\/wp-json\/wp\/v2\/posts\/191471\/revisions\/191473"}],"wp:featuredmedia":[{"embeddable":true,"href":"https:\/\/www.messinaoggi.it\/website\/wp-json\/wp\/v2\/media\/191472"}],"wp:attachment":[{"href":"https:\/\/www.messinaoggi.it\/website\/wp-json\/wp\/v2\/media?parent=191471"}],"wp:term":[{"taxonomy":"category","embeddable":true,"href":"https:\/\/www.messinaoggi.it\/website\/wp-json\/wp\/v2\/categories?post=191471"},{"taxonomy":"post_tag","embeddable":true,"href":"https:\/\/www.messinaoggi.it\/website\/wp-json\/wp\/v2\/tags?post=191471"}],"curies":[{"name":"wp","href":"https:\/\/api.w.org\/{rel}","templated":true}]}}