{"id":19144,"date":"2018-05-09T17:53:14","date_gmt":"2018-05-09T15:53:14","guid":{"rendered":"http:\/\/www.messinaoggi.it\/website\/?p=19144"},"modified":"2018-05-09T17:53:14","modified_gmt":"2018-05-09T15:53:14","slug":"estate-in-arrivo-duva-cosa-sta-facendo-lamministrazione-per-evitare-una-nuova-emergenza-incendi","status":"publish","type":"post","link":"https:\/\/www.messinaoggi.it\/website\/2018\/05\/09\/estate-in-arrivo-duva-cosa-sta-facendo-lamministrazione-per-evitare-una-nuova-emergenza-incendi\/","title":{"rendered":"Estate in arrivo. D&#039;Uva: &quot;Cosa sta facendo l&#039;amministrazione per evitare una nuova emergenza incendi?&quot;"},"content":{"rendered":"<p style=\"text-align: justify\">Con la stagione del caldo torrido alle porte, la citt\u00e0 di Messina senza i necessari interventi preventivi rischia seriamente di vedere nuove ampie porzioni di macchia Mediterranea cadere vittima dell&#8217;emergenza incendi.<div id=\"div-gpt-ad-Messinaoggi.it-DSK-300x250-corpoart\" style=\"text-align:center;margin:0 auto;\"><\/div><\/p>\n<p style=\"text-align: justify\">Il dramma vissuto la scorsa estate lascia ancora oggi profondi segni sulle vegetazione collinare del peloritano e nell&#8217;immaginario dei cittadini, che per settimane da nord a sud hanno assistito alla forza dirompente e distruttiva delle fiamme. <strong>D&#8217;innanzi all&#8217;incombente spauracchio i parlamentari messinesi nazionali e regionali del M5S hanno indirizzato una lettera al Sindaco di Messina, al Presidente del CAS, alla direzione territoriale di RFI di Palermo ed alla Prefettura di Messina, per chiedere quali azioni stiano mettendo in atto di incendi in citt\u00e0 ed in provincia:\u00a0<\/strong>\u201cLa Direzione Regionale della Protezione Civile \u2013 PortaVoce pentastellato <strong>Francesco D\u2019Uva<\/strong> \u2013 <em>ha di recente emanato il documento della Campagna AIB 2018 con cui ha prescritto le direttive da seguire per prevenire e contrastare il rischio incendi. Quello che \u00e8 necessario sapere, per\u00f2, \u00e8 quali siano effettivamente le attivit\u00e0 programmate o iniziate dai soggetti coinvolti e quali siano invece soltanto ipotesi\u201d.\u00a0<\/em><div id=\"videoincontent\" style=\"clear:both\";><\/div><\/p>\n<p style=\"text-align: justify\"><em><img loading=\"lazy\" class=\"size-medium wp-image-2199 aligncenter\" src=\"http:\/\/www.messinaoggi.it\/website\/wp-content\/uploads\/2017\/06\/Francesco-Duva-M5S-300x200.jpg\" alt=\"\" width=\"300\" height=\"200\" \/><\/em><\/p>\n<p style=\"font-weight: 400;text-align: justify\">Nell\u2019esprimere le sue preoccupazioni, il PortaVoce ricorda come sia stata pi\u00f9 volte ribadita l\u2019importanza della pulizia dei terreni incolti e dei margini delle strade, cos\u00ec come la vigilanza sui proprietari privati affinch\u00e9 adempiano ai loro compiti di scerbatura:<em>\u201cNon possiamo permettere che eventi disastrosi come quelli che la scorsa estate hanno letteralmente messo in ginocchio la citt\u00e0 di Messina e la provincia si ripetano nuovamente. Soprattutto quando sappiamo che \u00e8 possibile mettere in atto dei meccanismi di efficace contrasto e prevenzione. I cittadini meritano sicurezza, trasparenza e incolumit\u00e0\u201d.<\/em><\/p>\n","protected":false},"excerpt":{"rendered":"<p>Con la stagione del caldo torrido alle porte, la citt\u00e0 di Messina senza i necessari interventi preventivi rischia seriamente di vedere nuove ampie porzioni di macchia Mediterranea cadere vittima dell&#8217;emergenza incendi. Il dramma vissuto la scorsa estate lascia ancora oggi profondi segni sulle vegetazione collinare del peloritano e nell&#8217;immaginario dei cittadini, che per settimane da [&hellip;]<\/p>\n","protected":false},"author":6,"featured_media":4554,"comment_status":"closed","ping_status":"open","sticky":false,"template":"","format":"standard","meta":{"ub_ctt_via":"","_mi_skip_tracking":false},"categories":[4],"tags":[],"featured_image_src":"https:\/\/www.messinaoggi.it\/website\/wp-content\/uploads\/2017\/07\/incendio-giostra-complesso-schiacciapensieri-messinaoggi-2.jpg","author_info":{"display_name":"Redazione MessinaOggi.it","author_link":"https:\/\/www.messinaoggi.it\/website\/author\/p-vinci\/"},"digistream_id":0,"digistream":false,"_links":{"self":[{"href":"https:\/\/www.messinaoggi.it\/website\/wp-json\/wp\/v2\/posts\/19144"}],"collection":[{"href":"https:\/\/www.messinaoggi.it\/website\/wp-json\/wp\/v2\/posts"}],"about":[{"href":"https:\/\/www.messinaoggi.it\/website\/wp-json\/wp\/v2\/types\/post"}],"author":[{"embeddable":true,"href":"https:\/\/www.messinaoggi.it\/website\/wp-json\/wp\/v2\/users\/6"}],"replies":[{"embeddable":true,"href":"https:\/\/www.messinaoggi.it\/website\/wp-json\/wp\/v2\/comments?post=19144"}],"version-history":[{"count":0,"href":"https:\/\/www.messinaoggi.it\/website\/wp-json\/wp\/v2\/posts\/19144\/revisions"}],"wp:featuredmedia":[{"embeddable":true,"href":"https:\/\/www.messinaoggi.it\/website\/wp-json\/wp\/v2\/media\/4554"}],"wp:attachment":[{"href":"https:\/\/www.messinaoggi.it\/website\/wp-json\/wp\/v2\/media?parent=19144"}],"wp:term":[{"taxonomy":"category","embeddable":true,"href":"https:\/\/www.messinaoggi.it\/website\/wp-json\/wp\/v2\/categories?post=19144"},{"taxonomy":"post_tag","embeddable":true,"href":"https:\/\/www.messinaoggi.it\/website\/wp-json\/wp\/v2\/tags?post=19144"}],"curies":[{"name":"wp","href":"https:\/\/api.w.org\/{rel}","templated":true}]}}