{"id":191387,"date":"2024-03-18T16:13:33","date_gmt":"2024-03-18T15:13:33","guid":{"rendered":"http:\/\/www.messinaoggi.it\/website\/?p=191387"},"modified":"2024-03-18T16:19:38","modified_gmt":"2024-03-18T15:19:38","slug":"il-parcheggio-fosso-di-via-la-farina-chiuso-per-lavori","status":"publish","type":"post","link":"https:\/\/www.messinaoggi.it\/website\/2024\/03\/18\/il-parcheggio-fosso-di-via-la-farina-chiuso-per-lavori\/","title":{"rendered":"Il parcheggio &#8220;Fosso&#8221; di via La Farina chiuso per lavori"},"content":{"rendered":"\n<p>Come disposto con ordinanza n. 347 del Servizio Mobilit\u00e0 urbana, il parcheggio \u201cFosso\u201d di via La Farina rester\u00e0 chiuso dalle 7 di mercoled\u00ec 20 alle 6 di gioved\u00ec 21 marzo. Il provvedimento si \u00e8 reso necessario per consentire interventi di pulizia straordinaria e di ripristino della segnaletica stradale orizzontale. Un tutta l\u2019area di parcheggio vigeranno i divieti di sosta 0-24, con rimozione coatta, e quello di accesso.<div id=\"div-gpt-ad-Messinaoggi.it-DSK-300x250-corpoart\" style=\"text-align:center;margin:0 auto;\"><\/div><\/p>\n\n\n\n<p>La sosta nella struttura modulare di via La Farina, sita in prossimit\u00e0 del viale San Martino e nei pressi della Stazione Centrale di Messina, a breve sar\u00e0 completamente automatizzata, come gi\u00e0 attiva nei parcheggi \u201cVilla Dante\u201d e \u201cCavallotti\u201d.<div id=\"videoincontent\" style=\"clear:both\";><\/div><\/p>\n","protected":false},"excerpt":{"rendered":"<p>Come disposto con ordinanza n. 347 del Servizio Mobilit\u00e0 urbana, il parcheggio \u201cFosso\u201d di via La Farina rester\u00e0 chiuso dalle 7 di mercoled\u00ec 20 alle 6 di gioved\u00ec 21 marzo. Il provvedimento si \u00e8 reso necessario per consentire interventi di pulizia straordinaria e di ripristino della segnaletica stradale orizzontale. Un tutta l\u2019area di parcheggio vigeranno [&hellip;]<\/p>\n","protected":false},"author":4,"featured_media":9446,"comment_status":"open","ping_status":"open","sticky":false,"template":"","format":"standard","meta":{"ub_ctt_via":"","_mi_skip_tracking":false},"categories":[5],"tags":[9739],"featured_image_src":"https:\/\/www.messinaoggi.it\/website\/wp-content\/uploads\/2017\/10\/parcheggio-la-farina.jpg","author_info":{"display_name":"redme","author_link":"https:\/\/www.messinaoggi.it\/website\/author\/redme\/"},"digistream_id":0,"digistream":false,"_links":{"self":[{"href":"https:\/\/www.messinaoggi.it\/website\/wp-json\/wp\/v2\/posts\/191387"}],"collection":[{"href":"https:\/\/www.messinaoggi.it\/website\/wp-json\/wp\/v2\/posts"}],"about":[{"href":"https:\/\/www.messinaoggi.it\/website\/wp-json\/wp\/v2\/types\/post"}],"author":[{"embeddable":true,"href":"https:\/\/www.messinaoggi.it\/website\/wp-json\/wp\/v2\/users\/4"}],"replies":[{"embeddable":true,"href":"https:\/\/www.messinaoggi.it\/website\/wp-json\/wp\/v2\/comments?post=191387"}],"version-history":[{"count":1,"href":"https:\/\/www.messinaoggi.it\/website\/wp-json\/wp\/v2\/posts\/191387\/revisions"}],"predecessor-version":[{"id":191388,"href":"https:\/\/www.messinaoggi.it\/website\/wp-json\/wp\/v2\/posts\/191387\/revisions\/191388"}],"wp:featuredmedia":[{"embeddable":true,"href":"https:\/\/www.messinaoggi.it\/website\/wp-json\/wp\/v2\/media\/9446"}],"wp:attachment":[{"href":"https:\/\/www.messinaoggi.it\/website\/wp-json\/wp\/v2\/media?parent=191387"}],"wp:term":[{"taxonomy":"category","embeddable":true,"href":"https:\/\/www.messinaoggi.it\/website\/wp-json\/wp\/v2\/categories?post=191387"},{"taxonomy":"post_tag","embeddable":true,"href":"https:\/\/www.messinaoggi.it\/website\/wp-json\/wp\/v2\/tags?post=191387"}],"curies":[{"name":"wp","href":"https:\/\/api.w.org\/{rel}","templated":true}]}}