{"id":191380,"date":"2024-03-18T16:07:58","date_gmt":"2024-03-18T15:07:58","guid":{"rendered":"https:\/\/www.messinaoggi.it\/website\/2024\/03\/18\/covid-meloni-il-popolo-italiano-ha-trovato-la-forza-di-reagire\/"},"modified":"2024-03-18T18:55:37","modified_gmt":"2024-03-18T17:55:37","slug":"covid-meloni-il-popolo-italiano-ha-trovato-la-forza-di-reagire","status":"publish","type":"post","link":"https:\/\/www.messinaoggi.it\/website\/2024\/03\/18\/covid-meloni-il-popolo-italiano-ha-trovato-la-forza-di-reagire\/","title":{"rendered":"Covid, Meloni \u201cIl popolo italiano ha trovato la forza di reagire\u201d"},"content":{"rendered":"<div>ROMA (ITALPRESS) &#8211; &#8220;La pandemia da Covid-19 ha segnato la nostra storia recente. Pi\u00f9 di quattro anni fa la crisi sanitaria si \u00e8 abbattuta sul mondo e la nostra Nazione ha pagato un prezzo particolarmente alto. Oggi onoriamo la memoria dei nostri connazionali che non ci sono pi\u00f9 e ci stringiamo alle loro famiglie e ai loro cari. Il dolore per le tantissime vite perse \u00e8 una ferita ancora aperta&#8221;. Lo afferma in una nota il presidente del Consiglio, Giorgia Meloni, in occasione della Giornata in memoria delle vittime dell&#8217;epidemia di coronavirus.<br \/>&#8220;La crisi pandemica ha prodotto enormi conseguenze economiche, sociali e sanitarie e il cammino per uscirne \u00e8 ancora, per diversi aspetti, lungo. Penso, ad esempio, all&#8217;impatto devastante che il Covid-19 ha avuto sui nostri bambini e sui nostri adolescenti. Servir\u00e0 molto tempo e un complesso insieme di interventi per restituire alle nostre giovani generazioni ci\u00f2 che la pandemia, e le regole sanitarie imposte all&#8217;epoca, hanno tolto loro &#8211; prosegue Meloni -. La pandemia ha sconvolto le nostre vite, ma il popolo italiano ha trovato la forza di reagire. E lo ha fatto con umanit\u00e0, solidariet\u00e0, unit\u00e0 e abnegazione. Questa \u00e8 l&#8217;eredit\u00e0 pi\u00f9 preziosa di quella crisi, che dobbiamo saper ricordare e che ci pu\u00f2 insegnare ancora molto&#8221;.<div id=\"div-gpt-ad-Messinaoggi.it-DSK-300x250-corpoart\" style=\"text-align:center;margin:0 auto;\"><\/div><\/p>\n<p>&#8211; Foto: Agenzia Fotogramma &#8211;<div id=\"videoincontent\" style=\"clear:both\";><\/div><\/p>\n<p>(ITALPRESS).<\/p><\/div>\n","protected":false},"excerpt":{"rendered":"<p>ROMA (ITALPRESS) &#8211; &#8220;La pandemia da Covid-19 ha segnato la nostra storia recente. Pi\u00f9 di quattro anni fa la crisi sanitaria si \u00e8 abbattuta sul mondo e la nostra Nazione ha pagato un prezzo particolarmente alto. Oggi onoriamo la memoria dei nostri connazionali che non ci sono pi\u00f9 e ci stringiamo alle loro famiglie e [&hellip;]<\/p>\n","protected":false},"author":18,"featured_media":191381,"comment_status":"closed","ping_status":"closed","sticky":false,"template":"","format":"standard","meta":{"ub_ctt_via":"","_mi_skip_tracking":false},"categories":[221,446],"tags":[783],"featured_image_src":"https:\/\/www.messinaoggi.it\/website\/wp-content\/uploads\/2024\/03\/20240318_0456.jpg","author_info":{"display_name":"Admin","author_link":"https:\/\/www.messinaoggi.it\/website\/author\/admin\/"},"digistream_id":0,"digistream":false,"_links":{"self":[{"href":"https:\/\/www.messinaoggi.it\/website\/wp-json\/wp\/v2\/posts\/191380"}],"collection":[{"href":"https:\/\/www.messinaoggi.it\/website\/wp-json\/wp\/v2\/posts"}],"about":[{"href":"https:\/\/www.messinaoggi.it\/website\/wp-json\/wp\/v2\/types\/post"}],"author":[{"embeddable":true,"href":"https:\/\/www.messinaoggi.it\/website\/wp-json\/wp\/v2\/users\/18"}],"replies":[{"embeddable":true,"href":"https:\/\/www.messinaoggi.it\/website\/wp-json\/wp\/v2\/comments?post=191380"}],"version-history":[{"count":1,"href":"https:\/\/www.messinaoggi.it\/website\/wp-json\/wp\/v2\/posts\/191380\/revisions"}],"predecessor-version":[{"id":191400,"href":"https:\/\/www.messinaoggi.it\/website\/wp-json\/wp\/v2\/posts\/191380\/revisions\/191400"}],"wp:featuredmedia":[{"embeddable":true,"href":"https:\/\/www.messinaoggi.it\/website\/wp-json\/wp\/v2\/media\/191381"}],"wp:attachment":[{"href":"https:\/\/www.messinaoggi.it\/website\/wp-json\/wp\/v2\/media?parent=191380"}],"wp:term":[{"taxonomy":"category","embeddable":true,"href":"https:\/\/www.messinaoggi.it\/website\/wp-json\/wp\/v2\/categories?post=191380"},{"taxonomy":"post_tag","embeddable":true,"href":"https:\/\/www.messinaoggi.it\/website\/wp-json\/wp\/v2\/tags?post=191380"}],"curies":[{"name":"wp","href":"https:\/\/api.w.org\/{rel}","templated":true}]}}