{"id":191374,"date":"2024-03-18T16:01:08","date_gmt":"2024-03-18T15:01:08","guid":{"rendered":"http:\/\/www.messinaoggi.it\/website\/?p=191374"},"modified":"2024-03-18T16:01:35","modified_gmt":"2024-03-18T15:01:35","slug":"rete-idrica-colabrodo-amam-consegna-lavori-con-fondi-pnrr","status":"publish","type":"post","link":"https:\/\/www.messinaoggi.it\/website\/2024\/03\/18\/rete-idrica-colabrodo-amam-consegna-lavori-con-fondi-pnrr\/","title":{"rendered":"Rete idrica &#8220;colabrodo&#8221;, Amam consegna lavori con fondi Pnrr"},"content":{"rendered":"\n<p>\u00c8 stata formalmente consegnata alla ditta appaltatrice &#8220;Siciltecnoplus srl&#8221;, l\u2019area di cantiere del progetto finanziato dal Pnrr finalizzato all\u2019esecuzione di interventi di razionalizzazione, efficientamento e riduzione delle perdite delle reti idriche interne della citt\u00e0 di Messina, per un importo di 21milioni di euro. Alla consegna dell\u2019area di intervento che riguarda il centro citt\u00e0, da Gazzi all\u2019Annunziata, erano presenti Comune e Amam rispettivamente, il sindaco Federico Basile, il direttore generale del Comune Salvo Puccio, l\u2019Assessore al ramo Francesco Caminiti; la Presidente Loredana Bonasera e i componenti il CdA Alessandra Franza e Adriano Grassi e il direttore generale della SpA Pierfrancesco Donato; il Direttore dei Lavori ing. Luigi Lamberto, il Responsabile Unico del Procedimento ing. Francesco Cardile, e l\u2019esperto PNRR ing. Eleonora Pane.<div id=\"div-gpt-ad-Messinaoggi.it-DSK-300x250-corpoart\" style=\"text-align:center;margin:0 auto;\"><\/div><\/p>\n\n\n\n<p>\u201cIl progetto &#8211; spiegano Comune e Amam &#8211; prevede un cronoprogramma di lavori per ridurre le perdite in rete, stimate oggi al 53%; implementare l\u2019asset management esistente; avviare la distrettualizzazione delle reti; e integrare il sistema di telemisura e telecontrollo gi\u00e0 esistente sulla quasi totalit\u00e0 delle infrastrutture idriche della citt\u00e0, ottimizzandolo attraverso sistemi di smart metering per la lettura dei contatori del nucleo centrale cittadino. Inoltre, \u00e8 prevista la mappatura e la successiva implementazione su GIS, al fine di poter individuare eventuali problemi o perdite sulla rete, in tempo reale, e conseguentemente risolverli con interventi rapidi e mirati. Il completamento degli interventi \u00e8 fissato per marzo 2026\u201d.<div id=\"videoincontent\" style=\"clear:both\";><\/div><\/p>\n\n\n\n<p>\u201cUn traguardo importante quello di oggi &#8211; dichiarano il sindaco e la presidente di Amam &#8211; frutto di un percorso avviato con l\u2019Amministrazione De Luca e proseguito grazie ad un lavoro di squadra nell\u2019ottica di una programmazione strategica per il finanziamento di un\u2019opera fondamentale e necessraia per l\u2019ammodernamento delle infrastrutture idriche del centro citt\u00e0\u201d.<\/p>\n","protected":false},"excerpt":{"rendered":"<p>\u00c8 stata formalmente consegnata alla ditta appaltatrice &#8220;Siciltecnoplus srl&#8221;, l\u2019area di cantiere del progetto finanziato dal Pnrr finalizzato all\u2019esecuzione di interventi di razionalizzazione, efficientamento e riduzione delle perdite delle reti idriche interne della citt\u00e0 di Messina, per un importo di 21milioni di euro. Alla consegna dell\u2019area di intervento che riguarda il centro citt\u00e0, da Gazzi [&hellip;]<\/p>\n","protected":false},"author":4,"featured_media":17710,"comment_status":"open","ping_status":"open","sticky":false,"template":"","format":"standard","meta":{"ub_ctt_via":"","_mi_skip_tracking":false},"categories":[6],"tags":[1080],"featured_image_src":"https:\/\/www.messinaoggi.it\/website\/wp-content\/uploads\/2018\/04\/amam-acqua-1.jpg","author_info":{"display_name":"redme","author_link":"https:\/\/www.messinaoggi.it\/website\/author\/redme\/"},"digistream_id":0,"digistream":false,"_links":{"self":[{"href":"https:\/\/www.messinaoggi.it\/website\/wp-json\/wp\/v2\/posts\/191374"}],"collection":[{"href":"https:\/\/www.messinaoggi.it\/website\/wp-json\/wp\/v2\/posts"}],"about":[{"href":"https:\/\/www.messinaoggi.it\/website\/wp-json\/wp\/v2\/types\/post"}],"author":[{"embeddable":true,"href":"https:\/\/www.messinaoggi.it\/website\/wp-json\/wp\/v2\/users\/4"}],"replies":[{"embeddable":true,"href":"https:\/\/www.messinaoggi.it\/website\/wp-json\/wp\/v2\/comments?post=191374"}],"version-history":[{"count":1,"href":"https:\/\/www.messinaoggi.it\/website\/wp-json\/wp\/v2\/posts\/191374\/revisions"}],"predecessor-version":[{"id":191375,"href":"https:\/\/www.messinaoggi.it\/website\/wp-json\/wp\/v2\/posts\/191374\/revisions\/191375"}],"wp:featuredmedia":[{"embeddable":true,"href":"https:\/\/www.messinaoggi.it\/website\/wp-json\/wp\/v2\/media\/17710"}],"wp:attachment":[{"href":"https:\/\/www.messinaoggi.it\/website\/wp-json\/wp\/v2\/media?parent=191374"}],"wp:term":[{"taxonomy":"category","embeddable":true,"href":"https:\/\/www.messinaoggi.it\/website\/wp-json\/wp\/v2\/categories?post=191374"},{"taxonomy":"post_tag","embeddable":true,"href":"https:\/\/www.messinaoggi.it\/website\/wp-json\/wp\/v2\/tags?post=191374"}],"curies":[{"name":"wp","href":"https:\/\/api.w.org\/{rel}","templated":true}]}}