{"id":191362,"date":"2024-03-18T15:04:53","date_gmt":"2024-03-18T14:04:53","guid":{"rendered":"http:\/\/www.messinaoggi.it\/website\/?p=191362"},"modified":"2024-03-18T15:04:53","modified_gmt":"2024-03-18T14:04:53","slug":"festa-del-papa-ma-non-per-tutti-codici-contro-il-falso-avviso-condiviso","status":"publish","type":"post","link":"https:\/\/www.messinaoggi.it\/website\/2024\/03\/18\/festa-del-papa-ma-non-per-tutti-codici-contro-il-falso-avviso-condiviso\/","title":{"rendered":"Festa del Pap\u00e0, ma non per tutti. Codici contro il falso avviso condiviso"},"content":{"rendered":"\n<p>Domani si celebra la Festa del Pap\u00e0. Una ricorrenza che per alcuni \u00e8 accompagnata dalla tristezza, dal dolore e da un profondo senso di ingiustizia. Il riferimento \u00e8 ai padri separati, a cui l\u2019associazione Codici rivolge un pensiero in occasione del 19 marzo.<div id=\"div-gpt-ad-Messinaoggi.it-DSK-300x250-corpoart\" style=\"text-align:center;margin:0 auto;\"><\/div><\/p>\n\n\n\n<p>\u201cIn questo giorno speciale \u2013 dichiara Ivano Giacomelli, Segretario nazionale di Codici \u2013 non possiamo e non dobbiamo dimenticare chi non ha proprio nulla da festeggiare. Il 19 marzo non pu\u00f2 essere certo una festa per i padri separati. Lo dicono i fatti, lo racconta una realt\u00e0 che li vede ai margini della famiglia e della societ\u00e0, in una condizione sempre pi\u00f9 difficile sul psicologico ed economico. Le cause di questa situazione sono chiarissime, nasce tutto da una giustizia praticamente a senso unico. Nelle cause di separazione l\u2019affido premia le madri, cos\u00ec come l\u2019assegno di mantenimento e l\u2019assegnazione della casa. Il padre, in sostanza, viene trattato come un bancomat, serve solo a mantenere economicamente la ex ed i figli. Si spiegano cos\u00ec i rapporti allarmanti sulla presenza sempre pi\u00f9 numerosa dei padri separati tra i cosiddetti nuovi poveri. I costi della separazione, oltre che psicologicamente, hanno un impatto devastante anche sul piano economico. In alcuni casi i pap\u00e0 sono costretti a dormire in auto. Attenzione, questo capita anche a chi ha un lavoro ben retribuito, non sono casi isolati e disperati, ma ormai \u00e8 la consuetudine, rientra nella media. Per questo il 19 marzo, a nostro avviso, c\u2019\u00e8 ben poco da festeggiare. Magari per qualche pap\u00e0 fortunato sar\u00e0 l\u2019occasione per trascorrere pi\u00f9 tempo del solito con i propri figli, ma ad attenderli poi c\u2019\u00e8 un ritorno triste e doloroso alla realt\u00e0. Una realt\u00e0 che li vede genitori di serie B, costretti a lottare per i propri diritti, rivendicando quel principio alla bigenitorialit\u00e0 di cui tanto si parla da anni, ma che ad oggi \u00e8 poco pi\u00f9 di uno slogan, un diritto che esiste solo su carta\u201d.<div id=\"videoincontent\" style=\"clear:both\";><\/div><\/p>\n\n\n\n<p>L\u2019associazione Codici \u00e8 impegnata da anni con la campagna \u201cVoglio pap\u00e0\u201d nel fornire assistenza e supporto ai padri separati. Per informazioni contattare il numero telefonico 065571996 oppure scrivere all\u2019indirizzo segreteria.sportello@codici.org.<\/p>\n","protected":false},"excerpt":{"rendered":"<p>Domani si celebra la Festa del Pap\u00e0. Una ricorrenza che per alcuni \u00e8 accompagnata dalla tristezza, dal dolore e da un profondo senso di ingiustizia. Il riferimento \u00e8 ai padri separati, a cui l\u2019associazione Codici rivolge un pensiero in occasione del 19 marzo. \u201cIn questo giorno speciale \u2013 dichiara Ivano Giacomelli, Segretario nazionale di Codici [&hellip;]<\/p>\n","protected":false},"author":4,"featured_media":55795,"comment_status":"open","ping_status":"open","sticky":false,"template":"","format":"standard","meta":{"ub_ctt_via":"","_mi_skip_tracking":false},"categories":[5],"tags":[6484,9738,9737],"featured_image_src":"https:\/\/www.messinaoggi.it\/website\/wp-content\/uploads\/2021\/03\/cuore-di-papa-e-cuore-di-mamma.jpg","author_info":{"display_name":"redme","author_link":"https:\/\/www.messinaoggi.it\/website\/author\/redme\/"},"digistream_id":0,"digistream":false,"_links":{"self":[{"href":"https:\/\/www.messinaoggi.it\/website\/wp-json\/wp\/v2\/posts\/191362"}],"collection":[{"href":"https:\/\/www.messinaoggi.it\/website\/wp-json\/wp\/v2\/posts"}],"about":[{"href":"https:\/\/www.messinaoggi.it\/website\/wp-json\/wp\/v2\/types\/post"}],"author":[{"embeddable":true,"href":"https:\/\/www.messinaoggi.it\/website\/wp-json\/wp\/v2\/users\/4"}],"replies":[{"embeddable":true,"href":"https:\/\/www.messinaoggi.it\/website\/wp-json\/wp\/v2\/comments?post=191362"}],"version-history":[{"count":1,"href":"https:\/\/www.messinaoggi.it\/website\/wp-json\/wp\/v2\/posts\/191362\/revisions"}],"predecessor-version":[{"id":191363,"href":"https:\/\/www.messinaoggi.it\/website\/wp-json\/wp\/v2\/posts\/191362\/revisions\/191363"}],"wp:featuredmedia":[{"embeddable":true,"href":"https:\/\/www.messinaoggi.it\/website\/wp-json\/wp\/v2\/media\/55795"}],"wp:attachment":[{"href":"https:\/\/www.messinaoggi.it\/website\/wp-json\/wp\/v2\/media?parent=191362"}],"wp:term":[{"taxonomy":"category","embeddable":true,"href":"https:\/\/www.messinaoggi.it\/website\/wp-json\/wp\/v2\/categories?post=191362"},{"taxonomy":"post_tag","embeddable":true,"href":"https:\/\/www.messinaoggi.it\/website\/wp-json\/wp\/v2\/tags?post=191362"}],"curies":[{"name":"wp","href":"https:\/\/api.w.org\/{rel}","templated":true}]}}