{"id":19130,"date":"2018-05-09T08:59:38","date_gmt":"2018-05-09T06:59:38","guid":{"rendered":"http:\/\/www.messinaoggi.it\/website\/?p=19130"},"modified":"2018-05-09T08:59:38","modified_gmt":"2018-05-09T06:59:38","slug":"prg-i-capigruppo-dicono-no-allamministrazione-siamo-fuori-tempo","status":"publish","type":"post","link":"https:\/\/www.messinaoggi.it\/website\/2018\/05\/09\/prg-i-capigruppo-dicono-no-allamministrazione-siamo-fuori-tempo\/","title":{"rendered":"Prg, i capigruppo dicono no all&#039;amministrazione: &quot;Siamo fuori tempo&quot;"},"content":{"rendered":"<p style=\"text-align: justify\">Il lupo perde il pelo ma non il vizio. E\u2019 il Prg la grande delibera last minute che l\u2019amministrazione vuole portare in Consiglio Comunale prima del ritorno alle urne, cos\u00ec come chiesto alla presidente Emilia Barrile. Un iter iniziato 5 anni fa, che doveva far si che l\u2019atto arrivasse tra gli scranni del civico consesso gi\u00e0 nel 2015. Nulla di tutto questo, il procedimento \u00e8 stato molto pi\u00f9 lento e tortuoso, fino ad arrivare ai giorni nostri e ai dubbi degli organi professionali sulla delibera.<div id=\"div-gpt-ad-Messinaoggi.it-DSK-300x250-corpoart\" style=\"text-align:center;margin:0 auto;\"><\/div><\/p>\n<p style=\"text-align: justify\">Otto capigruppo <strong>(<\/strong>Angelo Burrascano, Claudio Cardile, Nino Carreri, Alessandro La Cava, Francesco Pagano, Giuseppe Santalco, Fabrizio Sottile, Benedetto Vaccarino), attraverso una nota evidenziano come ormai si \u00e8 ormai fuori tempo massimo<strong>: \u00a0\u201c<\/strong>Apprezziamo lo sforzo fatto dall&#8217;amministrazione per predisporre lo Schema di massima e le prescrizioni esecutive del nuovo PRG della citt\u00e0 di Messina- si legge- Rileviamo che l&#8217;avvio del procedimento \u00e8 avvenuto il 5\/12\/2013 , tuttavia solo\u00a0 dopo oltre 4 anni la Giunta con delibera n\u00b0 197 del 10 aprile 2018 ha approvato lo Schema. L&#8217;amministrazione con nota del 26 aprile, ritenendo sussistenti le condizioni di urgenza e improrogabilit\u00e0, invita la Presidenza del Consiglio ad avviare le procedure per l&#8217;adozione da parte del Consiglio. In maniera frettolosa la proposta di delibera \u00e8 stata inviata ai Quartieri per il loro parere consultivo e gli stessi si sono espressi con n\u00b0 2 astensioni, 2 parere contrari e 2 pareri favorevoli, evidenziando quindi una palese diversa visione. Non si ritiene di entrare nel merito sulla sussistenza o meno dei principi di urgenza ed improrogabilit\u00e0 sostenuti sia dal Vice Segretario Generale che dal Sig. Assessore. Ci si richiama, invece, alla questione attinente al diverso profilo della &#8220;opportunit\u00e0&#8221;, tant&#8217;\u00e8 che la stessa Circolare del Ministero dell&#8217;Interno del 7.12.2006, richiamata dalla stessa amministrazione, evidenzia &#8220;Il problema si pone soprattutto nei casi in cui il potere, esercitato in prossimit\u00e0 del\u00a0 suo spirare, regola situazioni future producendo effetti permanenti e\/o differiti che vincolano nelle scelte discrezionali il successivo titolare della potest\u00e0\u201d<div id=\"videoincontent\" style=\"clear:both\";><\/div><\/p>\n","protected":false},"excerpt":{"rendered":"<p>Il lupo perde il pelo ma non il vizio. E\u2019 il Prg la grande delibera last minute che l\u2019amministrazione vuole portare in Consiglio Comunale prima del ritorno alle urne, cos\u00ec come chiesto alla presidente Emilia Barrile. Un iter iniziato 5 anni fa, che doveva far si che l\u2019atto arrivasse tra gli scranni del civico consesso [&hellip;]<\/p>\n","protected":false},"author":15,"featured_media":18505,"comment_status":"closed","ping_status":"open","sticky":false,"template":"","format":"standard","meta":{"ub_ctt_via":"","_mi_skip_tracking":false},"categories":[6],"tags":[],"featured_image_src":"https:\/\/www.messinaoggi.it\/website\/wp-content\/uploads\/2018\/04\/prg-1.jpg","author_info":{"display_name":"red.me","author_link":"https:\/\/www.messinaoggi.it\/website\/author\/red-me\/"},"digistream_id":0,"digistream":false,"_links":{"self":[{"href":"https:\/\/www.messinaoggi.it\/website\/wp-json\/wp\/v2\/posts\/19130"}],"collection":[{"href":"https:\/\/www.messinaoggi.it\/website\/wp-json\/wp\/v2\/posts"}],"about":[{"href":"https:\/\/www.messinaoggi.it\/website\/wp-json\/wp\/v2\/types\/post"}],"author":[{"embeddable":true,"href":"https:\/\/www.messinaoggi.it\/website\/wp-json\/wp\/v2\/users\/15"}],"replies":[{"embeddable":true,"href":"https:\/\/www.messinaoggi.it\/website\/wp-json\/wp\/v2\/comments?post=19130"}],"version-history":[{"count":0,"href":"https:\/\/www.messinaoggi.it\/website\/wp-json\/wp\/v2\/posts\/19130\/revisions"}],"wp:featuredmedia":[{"embeddable":true,"href":"https:\/\/www.messinaoggi.it\/website\/wp-json\/wp\/v2\/media\/18505"}],"wp:attachment":[{"href":"https:\/\/www.messinaoggi.it\/website\/wp-json\/wp\/v2\/media?parent=19130"}],"wp:term":[{"taxonomy":"category","embeddable":true,"href":"https:\/\/www.messinaoggi.it\/website\/wp-json\/wp\/v2\/categories?post=19130"},{"taxonomy":"post_tag","embeddable":true,"href":"https:\/\/www.messinaoggi.it\/website\/wp-json\/wp\/v2\/tags?post=19130"}],"curies":[{"name":"wp","href":"https:\/\/api.w.org\/{rel}","templated":true}]}}