{"id":19127,"date":"2018-05-09T08:36:24","date_gmt":"2018-05-09T06:36:24","guid":{"rendered":"http:\/\/www.messinaoggi.it\/website\/?p=19127"},"modified":"2018-05-09T08:36:24","modified_gmt":"2018-05-09T06:36:24","slug":"la-fenech-tradisce-accorinti-e-abbraccia-saitta-il-candidato-del-centrosinistra-benvenuta","status":"publish","type":"post","link":"https:\/\/www.messinaoggi.it\/website\/2018\/05\/09\/la-fenech-tradisce-accorinti-e-abbraccia-saitta-il-candidato-del-centrosinistra-benvenuta\/","title":{"rendered":"La Fenech &quot;tradisce&quot; Accorinti e abbraccia Saitta. Il candidato del centrosinistra: &quot;Benvenuta&quot;"},"content":{"rendered":"<p style=\"text-align: justify\">E\u2019 stata per 5 anni la capogruppo degli \u201caccorintiani\u201d in consiglio comunale, ma adesso Lucy Fenech saluta Renato Accorinti e mette la propria candidatura a sostegno di Antonio Saitta. A dare l\u2019annuncio \u00e8 la diretta interessata: &#8220;Ho deciso di continuare a mettere la mia vita a disposizione della mia citt\u00e0. Per cinque anni l\u2019ho fatto impegnando tutta me stessa coerentemente fino all\u2019ultimo giorno di Consiglio comunale nel mio ruolo di consigliera e capogruppo di Cmdb, ruolo di cui sono stata fiera. Ho portato avanti tante battaglie ed iniziative nella linea della trasparenza, della responsabilit\u00e0, della legalit\u00e0, dei diritti dei pi\u00f9 deboli, della partecipazione, del recupero di aree straordinarie come quella dell\u2019ex seaflight&#8221; scrive Lucy Fenech per annunciare il suo addio ad Accorinti e il suo nuovo impegno. Ho sostenuto sempre con lealt\u00e0 e in modo critico l\u2019amministrazione Accorinti, ma pian piano ho visto naufragare quel sogno che ha animato la speranza di tanti nel 2013. L\u2019assenza nelle periferie, nei quartieri pi\u00f9 popolari, tra le gente a cui avevamo promesso di esserci. La mancata rivoluzione della macchina amministrativa che tanto ha condizionato tutto il nostro operato; la perdita di un esercito di gente che voleva solo dare una mano gratuitamente alla nostra citt\u00e0 per restare spesso troppo chiusi, mancando proprio di quella partecipazione che avrebbe dovuto essere il nostro cavallo di battaglia\u2026 questi solo alcuni dei temi su cui per anni mi sono scontrata con l\u2019amministrazione cercando di dare un contributo costruttivo&#8221; spiega la consigliera che soprattutto negli ultimi tempi anche in aula non aveva risparmiato qualche attacco alla sua amministrazione, pur rimanendo su quello scranno dell&#8217;aula fino alla fine\u201d.<div id=\"div-gpt-ad-Messinaoggi.it-DSK-300x250-corpoart\" style=\"text-align:center;margin:0 auto;\"><\/div><\/p>\n<p style=\"text-align: justify\">E naturalmente il candidato del centrosinistra l\u2019accoglie a braccia aperte: &#8220;Sono contento che Lucy Fenech abbia deciso di sostenere la mia candidatura, comprendendo che si tratta di un progetto aperto a tutti coloro che si vogliono spendere con passione e competenza per il futuro della nostra citt\u00e0. In Lucy rivedo queste qualit\u00e0. \u00c8 una Donna che da sempre si spende vicino alla gente, libera e leale. Ho apprezzato molto il suo lavoro in Consiglio comunale. La ringrazio per la stima che ripone in me e sono onorato di poter contare sul suo contributo per la nostra Messina, insieme a tanti altri che stanno scegliendo di impegnarsi in prima persona accanto a me&#8221;.<div id=\"videoincontent\" style=\"clear:both\";><\/div><\/p>\n","protected":false},"excerpt":{"rendered":"<p>E\u2019 stata per 5 anni la capogruppo degli \u201caccorintiani\u201d in consiglio comunale, ma adesso Lucy Fenech saluta Renato Accorinti e mette la propria candidatura a sostegno di Antonio Saitta. A dare l\u2019annuncio \u00e8 la diretta interessata: &#8220;Ho deciso di continuare a mettere la mia vita a disposizione della mia citt\u00e0. Per cinque anni l\u2019ho fatto [&hellip;]<\/p>\n","protected":false},"author":15,"featured_media":1723,"comment_status":"closed","ping_status":"open","sticky":false,"template":"","format":"standard","meta":{"ub_ctt_via":"","_mi_skip_tracking":false},"categories":[6],"tags":[],"featured_image_src":"https:\/\/www.messinaoggi.it\/website\/wp-content\/uploads\/2017\/06\/Fenech-2.jpg","author_info":{"display_name":"red.me","author_link":"https:\/\/www.messinaoggi.it\/website\/author\/red-me\/"},"digistream_id":0,"digistream":false,"_links":{"self":[{"href":"https:\/\/www.messinaoggi.it\/website\/wp-json\/wp\/v2\/posts\/19127"}],"collection":[{"href":"https:\/\/www.messinaoggi.it\/website\/wp-json\/wp\/v2\/posts"}],"about":[{"href":"https:\/\/www.messinaoggi.it\/website\/wp-json\/wp\/v2\/types\/post"}],"author":[{"embeddable":true,"href":"https:\/\/www.messinaoggi.it\/website\/wp-json\/wp\/v2\/users\/15"}],"replies":[{"embeddable":true,"href":"https:\/\/www.messinaoggi.it\/website\/wp-json\/wp\/v2\/comments?post=19127"}],"version-history":[{"count":0,"href":"https:\/\/www.messinaoggi.it\/website\/wp-json\/wp\/v2\/posts\/19127\/revisions"}],"wp:featuredmedia":[{"embeddable":true,"href":"https:\/\/www.messinaoggi.it\/website\/wp-json\/wp\/v2\/media\/1723"}],"wp:attachment":[{"href":"https:\/\/www.messinaoggi.it\/website\/wp-json\/wp\/v2\/media?parent=19127"}],"wp:term":[{"taxonomy":"category","embeddable":true,"href":"https:\/\/www.messinaoggi.it\/website\/wp-json\/wp\/v2\/categories?post=19127"},{"taxonomy":"post_tag","embeddable":true,"href":"https:\/\/www.messinaoggi.it\/website\/wp-json\/wp\/v2\/tags?post=19127"}],"curies":[{"name":"wp","href":"https:\/\/api.w.org\/{rel}","templated":true}]}}