{"id":19102,"date":"2018-05-08T16:52:41","date_gmt":"2018-05-08T14:52:41","guid":{"rendered":"http:\/\/www.messinaoggi.it\/website\/?p=19102"},"modified":"2018-05-08T16:52:41","modified_gmt":"2018-05-08T14:52:41","slug":"barrile-vs-accorinti-sbaraccamenti-ed-assegnazioni-di-immobili-per-fini-elettorali","status":"publish","type":"post","link":"https:\/\/www.messinaoggi.it\/website\/2018\/05\/08\/barrile-vs-accorinti-sbaraccamenti-ed-assegnazioni-di-immobili-per-fini-elettorali\/","title":{"rendered":"Barrile vs Accorinti: &quot;Sbaraccamenti ed assegnazioni di immobili per fini elettorali&quot;"},"content":{"rendered":"<p style=\"text-align: justify\"><em>Torna a puntare il dito contro l&#8217;attuale Amministrazione\u00a0<\/em>la presidente del Consiglio comunale,<strong>\u00a0<\/strong>Emilia Barrile.<strong> La nuova puntata della diatriba con il fronte guidato dal primo cittadino uscente, Renato Accorinti, ha per oggetto\u00a0<\/strong><strong>secondo l&#8217;accusa\u00a0<\/strong><strong>un presunto tentativo da parte della giunta di metter mano alla delicata questione dell&#8217;emergenza abitativa al solo scopo di guadagnare consensi elettorali:<\/strong><em>\u201cIntendono procedere a possibili sbaraccamenti ed assegnazioni di immobili, guarda caso a circa un mese dal voto, non rispettando le priorit\u00e0 zonali fissate dal Consiglio comunale e arrogandosi prerogative che non le competono: tutto ci\u00f2 \u00e8 gravissimo\u201d.<\/em><div id=\"div-gpt-ad-Messinaoggi.it-DSK-300x250-corpoart\" style=\"text-align:center;margin:0 auto;\"><\/div><\/p>\n<p style=\"text-align: justify\">La candidata sindaco con la lista Leali-Progetto per Messina evidenzia:\u00a0<em>\u201cAlcuni abitanti della IV Circoscrizione ci hanno segnalato la presenza in due zone di agenti della Polizia Municipale, impegnati nell&#8217;attivit\u00e0 di censimento di baracche e altri alloggi fatiscenti. In base alle verifiche effettuate, la relativa richiesta risulta pervenuta da parte dell&#8217;assessore Pino, senza che ci\u00f2 rientri nelle sue competenze, proprie invece del dirigente al ramo. In data 24 aprile l\u2019amministrazione ha deliberato, con un atto di indirizzo, la necessit\u00e0 di sgomberare le zone in questione, cos\u00ec da ampliare le vie di fuga nell\u2019ottica della sicurezza dei cittadini. Giustificando il tutto con una vecchia delibera della IV Circoscrizione, la n. 29 del 2014, solo propositiva e non vincolante. Io sin dal 2013 segnalai pi\u00f9 volte personalmente all&#8217;assessore dell&#8217;epoca De Cola, e successivamente allo stesso Pino, la criticit\u00e0 di queste ed altre situazioni simili, senza per\u00f2 ottenere risposte. Come mai adesso questa accelerata, in barba alle priorit\u00e0 definite dal Consiglio comunale? Queste due zone sono rispettivamente la nona e la sedicesima in graduatoria, non si possono fare figli e figliastri solo perch\u00e9 si \u00e8 in campagna elettorale\u201d<\/em>, cos\u00ec Emilia <strong>Barrile <\/strong>che prosegue \u201c<em>ai cittadini in questione, da quanto ci risulta, \u00e8 stata promessa la sistemazione nei 25 alloggi, tra i 50 in via di ultimazione a Villaggio Matteotti, che residueranno dopo l\u2019attribuzione agli aventi diritto residenti nella zona dell\u2019Annunziata. Ma come \u00e8 possibile, se non \u00e8 stata ancora stilata alcuna graduatoria, nemmeno provvisoria, ai fini dell\u2019assegnazione di questi immobili? <\/em><div id=\"videoincontent\" style=\"clear:both\";><\/div><\/p>\n<p style=\"text-align: justify\"><em>Chieder\u00f2 al segretario generale, organo di tutela della legittimit\u00e0 degli atti, di intervenire\u00a0 immediatamente affinch\u00e9 la giunta trasformi l&#8217;atto di indirizzo in proposta di delibera consiliare, perch\u00e9 le priorit\u00e0 non si possono stravolgere scavalcando il Consiglio, organo competente in materia. Colpi di mano del genere, in piena campagna elettorale, non sono tollerabili. Era gi\u00e0 successo con la questione dell\u2019emergenza abitativa, riproposta casualmente in queste settimane, con 3 anni di ritardo rispetto alla scadenza. Non si fanno promesse-spot sulla pelle dei cittadini, stravolgendo le priorit\u00e0 fissate dal Consiglio comunale. \u00c8 inammissibile&#8221;<\/em>, conclude la Barrile.<\/p>\n","protected":false},"excerpt":{"rendered":"<p>Torna a puntare il dito contro l&#8217;attuale Amministrazione\u00a0la presidente del Consiglio comunale,\u00a0Emilia Barrile. La nuova puntata della diatriba con il fronte guidato dal primo cittadino uscente, Renato Accorinti, ha per oggetto\u00a0secondo l&#8217;accusa\u00a0un presunto tentativo da parte della giunta di metter mano alla delicata questione dell&#8217;emergenza abitativa al solo scopo di guadagnare consensi elettorali:\u201cIntendono procedere a [&hellip;]<\/p>\n","protected":false},"author":6,"featured_media":17968,"comment_status":"closed","ping_status":"open","sticky":false,"template":"","format":"standard","meta":{"ub_ctt_via":"","_mi_skip_tracking":false},"categories":[4],"tags":[],"featured_image_src":"https:\/\/www.messinaoggi.it\/website\/wp-content\/uploads\/2018\/04\/emilia-barrile-comune-sindaco_9829-1.jpg","author_info":{"display_name":"Redazione MessinaOggi.it","author_link":"https:\/\/www.messinaoggi.it\/website\/author\/p-vinci\/"},"digistream_id":0,"digistream":false,"_links":{"self":[{"href":"https:\/\/www.messinaoggi.it\/website\/wp-json\/wp\/v2\/posts\/19102"}],"collection":[{"href":"https:\/\/www.messinaoggi.it\/website\/wp-json\/wp\/v2\/posts"}],"about":[{"href":"https:\/\/www.messinaoggi.it\/website\/wp-json\/wp\/v2\/types\/post"}],"author":[{"embeddable":true,"href":"https:\/\/www.messinaoggi.it\/website\/wp-json\/wp\/v2\/users\/6"}],"replies":[{"embeddable":true,"href":"https:\/\/www.messinaoggi.it\/website\/wp-json\/wp\/v2\/comments?post=19102"}],"version-history":[{"count":0,"href":"https:\/\/www.messinaoggi.it\/website\/wp-json\/wp\/v2\/posts\/19102\/revisions"}],"wp:featuredmedia":[{"embeddable":true,"href":"https:\/\/www.messinaoggi.it\/website\/wp-json\/wp\/v2\/media\/17968"}],"wp:attachment":[{"href":"https:\/\/www.messinaoggi.it\/website\/wp-json\/wp\/v2\/media?parent=19102"}],"wp:term":[{"taxonomy":"category","embeddable":true,"href":"https:\/\/www.messinaoggi.it\/website\/wp-json\/wp\/v2\/categories?post=19102"},{"taxonomy":"post_tag","embeddable":true,"href":"https:\/\/www.messinaoggi.it\/website\/wp-json\/wp\/v2\/tags?post=19102"}],"curies":[{"name":"wp","href":"https:\/\/api.w.org\/{rel}","templated":true}]}}