{"id":190894,"date":"2024-03-14T18:11:42","date_gmt":"2024-03-14T17:11:42","guid":{"rendered":"http:\/\/www.messinaoggi.it\/website\/?p=190894"},"modified":"2024-03-14T18:11:43","modified_gmt":"2024-03-14T17:11:43","slug":"inaugurate-4-targhe-toponomastiche","status":"publish","type":"post","link":"https:\/\/www.messinaoggi.it\/website\/2024\/03\/14\/inaugurate-4-targhe-toponomastiche\/","title":{"rendered":"Inaugurate 4 targhe toponomastiche"},"content":{"rendered":"\n<p>Il sindaco Federico Basile, accompagnato dall&#8217;assessore alle Politiche culturali Enzo Caruso, ha presenziato stamani in piazza Antonello alla cerimonia di inaugurazione di quattro nuove targhe di toponomastica, che forniscono indicazioni biografiche dell\u2019artista, a cui \u00e8 dedicata e intitolata la piazza, e che sono state realizzate con il contributo del Rotary Stretto di Messina. All\u2019evento, che rientra nel percorso del progetto \u201cMessina, citt\u00e0 di Antonello\u201d, promosso dall\u2019Amministrazione comunale, in collaborazione con l\u2019associazione Antonello da Messina, hanno preso parte il presidente del Rotary Stretto di Messina Antonio Albanese, insieme all&#8217;ing. Termini; la presidente dell&#8217;associazione Antonello da Messina Milena Romeo; altri soci e referenti delle associazioni promotrici.<div id=\"div-gpt-ad-Messinaoggi.it-DSK-300x250-corpoart\" style=\"text-align:center;margin:0 auto;\"><\/div><\/p>\n\n\n\n<p>&#8220;Questa iniziativa, come altre in precedenza, &#8211; ha spiegato il sindaco Basile \u2013 assume finalit\u00e0 culturali ed identitarie orientate a rendere Messina a tutti gli effetti la citt\u00e0 di Antonello. L&#8217;obiettivo \u00e8 anche quello di farlo conoscere sempre di pi\u00f9 alla cittadinanza, agli studenti e alle giovani generazioni e l&#8217;inaugurazione di quattro targhe, insieme alla recente Mostra di Antonello, rientra in questo percorso didattico per veicolare la sua vita e le sue opere e che porter\u00e0 alla creazione della &#8216;casa di Antonello'&#8221;.<div id=\"videoincontent\" style=\"clear:both\";><\/div><\/p>\n\n\n\n<p>&#8220;Evidenziare e associare il nome del grande pittore \u2013 ha aggiunto l&#8217;assessore Caruso &#8211; all\u2019identit\u00e0 cittadina mediante il brand &#8216;Messina Citt\u00e0 di Antonello&#8217; consente di renderlo nostro ambasciatore nel mondo, dopo avergli intitolato una scuola, il Palacultura e una piazza storica della citt\u00e0, dove oggi sono state poste quattro nuove targhe. I nostri giovani saranno i custodi di questa grande memoria&#8221;.<\/p>\n\n\n\n<p>Le iniziative di &#8220;Messina, citt\u00e0 di Antonello&#8221; sono state avviate nel dicembre dello scorso anno, in occasione delle celebrazioni del 70\u00b0 anniversario della &#8220;Mostra su Antonello e la pittura siciliana del &#8216;400\u201d del 1953 e continuano con eventi che legano luoghi della citt\u00e0 di Messina alla memoria del sommo artista.<\/p>\n","protected":false},"excerpt":{"rendered":"<p>Il sindaco Federico Basile, accompagnato dall&#8217;assessore alle Politiche culturali Enzo Caruso, ha presenziato stamani in piazza Antonello alla cerimonia di inaugurazione di quattro nuove targhe di toponomastica, che forniscono indicazioni biografiche dell\u2019artista, a cui \u00e8 dedicata e intitolata la piazza, e che sono state realizzate con il contributo del Rotary Stretto di Messina. All\u2019evento, che [&hellip;]<\/p>\n","protected":false},"author":2,"featured_media":190895,"comment_status":"open","ping_status":"open","sticky":false,"template":"","format":"standard","meta":{"ub_ctt_via":"","_mi_skip_tracking":false},"categories":[5],"tags":[797,2972,1468],"featured_image_src":"https:\/\/www.messinaoggi.it\/website\/wp-content\/uploads\/2024\/03\/430109097_402151232416502_8350999584771274386_n.jpg","author_info":{"display_name":"Redazione","author_link":"https:\/\/www.messinaoggi.it\/website\/author\/redazione\/"},"digistream_id":0,"digistream":false,"_links":{"self":[{"href":"https:\/\/www.messinaoggi.it\/website\/wp-json\/wp\/v2\/posts\/190894"}],"collection":[{"href":"https:\/\/www.messinaoggi.it\/website\/wp-json\/wp\/v2\/posts"}],"about":[{"href":"https:\/\/www.messinaoggi.it\/website\/wp-json\/wp\/v2\/types\/post"}],"author":[{"embeddable":true,"href":"https:\/\/www.messinaoggi.it\/website\/wp-json\/wp\/v2\/users\/2"}],"replies":[{"embeddable":true,"href":"https:\/\/www.messinaoggi.it\/website\/wp-json\/wp\/v2\/comments?post=190894"}],"version-history":[{"count":1,"href":"https:\/\/www.messinaoggi.it\/website\/wp-json\/wp\/v2\/posts\/190894\/revisions"}],"predecessor-version":[{"id":190896,"href":"https:\/\/www.messinaoggi.it\/website\/wp-json\/wp\/v2\/posts\/190894\/revisions\/190896"}],"wp:featuredmedia":[{"embeddable":true,"href":"https:\/\/www.messinaoggi.it\/website\/wp-json\/wp\/v2\/media\/190895"}],"wp:attachment":[{"href":"https:\/\/www.messinaoggi.it\/website\/wp-json\/wp\/v2\/media?parent=190894"}],"wp:term":[{"taxonomy":"category","embeddable":true,"href":"https:\/\/www.messinaoggi.it\/website\/wp-json\/wp\/v2\/categories?post=190894"},{"taxonomy":"post_tag","embeddable":true,"href":"https:\/\/www.messinaoggi.it\/website\/wp-json\/wp\/v2\/tags?post=190894"}],"curies":[{"name":"wp","href":"https:\/\/api.w.org\/{rel}","templated":true}]}}