{"id":19070,"date":"2018-05-08T09:11:15","date_gmt":"2018-05-08T07:11:15","guid":{"rendered":"http:\/\/www.messinaoggi.it\/website\/?p=19070"},"modified":"2018-05-08T09:11:15","modified_gmt":"2018-05-08T07:11:15","slug":"autismo-lettera-aperta-ai-candidati-sindaco","status":"publish","type":"post","link":"https:\/\/www.messinaoggi.it\/website\/2018\/05\/08\/autismo-lettera-aperta-ai-candidati-sindaco\/","title":{"rendered":"Autismo, lettera aperta ai candidati sindaco"},"content":{"rendered":"<p style=\"text-align: justify\">Riceviamo e pubblichiamo interamente la lettera aperta di Pino Curr\u00f2, coordinatore del tavolo tecnico per l&#8217;autismo, ai candidati alla poltrona di sindaco. La nota \u00e8 stata inviata per conto delle Associazioni Familiari che operano all&#8217;interno del Tavolo : Il Volo &#8211; Nati per la Vita &#8211; Comitato genitori figli speciali &#8211; La Linea Curva &#8211; Bambini speciali Carpe diem &#8211; Angsa Messina &#8211; Anch&#8217;io sono autistico &#8211; Ali di cristallo.<div id=\"div-gpt-ad-Messinaoggi.it-DSK-300x250-corpoart\" style=\"text-align:center;margin:0 auto;\"><\/div><\/p>\n<p style=\"text-align: justify\">Chiediamo, sulla base di quanto ci accingiamo ad enunciare, quali Associazioni Familiari che si occupano di Autismo, un incontro con le S.L., separatamente, per capire quali interventi intendono perseguire a favore dei soggetti affetti da Autismo nella nostra citt\u00e0, proprio nel momento in cui si candidano a governare la citt\u00e0 di Messina. La tematica dell&#8217;Autismo si \u00e8 imposta con forza negli ultimi anni all&#8217;attenzione dell&#8217;opinione pubblica per l&#8217;incidenza sempre pi\u00f9 significativa che sta manifestando nei nostri bambini e ragazzi. Si calcola che, e i dati di cui siamo in possesso sono ancora incerti e le quantit\u00e0 espresse per difetto, la consistenza numerica ha registrato negli ultimi 40 anni un incremento 10 volte superiore. In Italia si parla di circa 500 mila casi raggruppabili nel cos\u00ec detto Disturbo dello spettro autistico e che ne \u00e8 affetto 1 bambino ogni 100 nati. Anche i dati fornitici dall\u2019ASP sono molto divergenti, in<div id=\"videoincontent\" style=\"clear:both\";><\/div><\/p>\n<p style=\"text-align: justify\">quanto dalla NPI al Servizio di Psichiatria adulti transita un numero estremamente ridotto di assistiti, i quali evidentemente in massima parte non si rivolgono pi\u00f9 al Servizio pubblico. C&#8217;\u00e8 anche da dire che molti ragazzi diventati maggiorenni si ritrovano con la Diagnosi modificata. Questa \u00e8 un&#8217;assurdit\u00e0 che non consente di avere mai il quadro chiaro della situazione, alla quale il Servizio ASP sta ovviando, anche se in forte ritardo. Un fatto \u00e8 certo : i dati sono non veritieri. Se si vuole porre rimedio radicalmente occorre creare un Centro dedicato all&#8217;Autismo, collaterale ai Servizi<\/p>\n<p style=\"text-align: justify\">esistenti. Comunque a fronte di una pi\u00f9 incisiva capacit\u00e0 diagnostica nella prima infanzia e all&#8217;incremento delle terapie, si registra altres\u00ec l&#8217;insorgere della patologia in et\u00e0 avanzata, con tipologie diverse e pi\u00f9 difficili da fronteggiare. Significa che siamo di fronte ad una mutazione biologica ed ambientale di proporzioni e caratteristiche in continua evoluzione. Con questi presupposti appare chiaro come all&#8217;acuirsi della patologia si risponde con mezzi assolutamente insufficienti. In realt\u00e0 i Servizi messi in essere sono prevalentemente rivolti all&#8217;infanzia, mentre molto poco si fa per i ragazzi adolescenti ed adulti, anche perch\u00e8 per loro non si possono applicare gli stessi protocolli e la stessa metodica, a parte le disfunzioni di cui si parlava prima. E&#8217; opportuno ricordare che nella nostra citt\u00e0., accanto gli interventi istituzionali adottati dall&#8217;ASP, ve ne sono altri, che riassumiamo brevemente di seguito. &#8211; Azienda Policlinico : Programma 0\/90 di Ricerca, Diagnosi e Terapia, con 2 posti letto per il trattamento. &#8211; Istituto Marino di Mortelle , che accoglie il Centro di Ricerca CNR<\/p>\n<p style=\"text-align: justify\">\u201cSistemi Intelligenti\u201d che in atto tratta 38 bambini tra i 4 e i 12 anni con 2- 3 interventi la settimana; il Centro Polifunzionale Diurno \u201c Carmelo Arig\u00f2 \u201d di Messina, che in atto<\/p>\n<p style=\"text-align: justify\">tratta circa 18 bambini tra i 3 e i 10 anni e due ragazzi over 18, nel Centro si effettuano 5 interventi settimanali, ed \u00e8 in attesa di accreditamento; l&#8217;ICCS &#8211; Neurolesi, che ha in fase di avvio il \u201cBio parco delle Neurofragilit\u00e0\u201d, del quale ancora conosciamo poco. Vi sono inoltre alcuni Centri privati convenzionati ai quali si fa ricorso per delle terapie previste dall&#8217; ex art. 26, che comunque necessita di riformulazione; in ogni caso non trattano istituzionalmente l&#8217;autismo. Occorre che tra tutte queste iniziative si realizzi un autentico coordinamento. Che si mettano da parte, nell&#8217;interesse dei cittadini i particolarismi, le gelosie se non le contrapposizioni e che tutti assieme pedalino nella stessa direzione. Per gli adolescenti che non hanno trovato prima una cura adeguata si devono mettere in atto per lo pi\u00f9 Progetti Riabilitativi. Cio\u00e8 accanto alle terapie farmacologiche, bisogna saper inventare delle attivit\u00e0 che tendano al recupero delle capacit\u00e0 e delle abilit\u00e0 e quindi all&#8217;inserimento sociale e in ultimo a quello lavorativo, dei ragazzi che vanno avanti con l&#8217;et\u00e0. A questo punto gli interventi di riabilitazione diventano socio-sanitari. La Giornata Mondiale Autismo celebrata di recente ha avuto come tema : I Servizi e le attivit\u00e0 abilitative in Autismo.<\/p>\n<p>E sottotitolo: Cose normali per persone speciali. Abbiamo voluto spostare maggiormente l&#8217; attenzione sul \u201cSociale\u201d e significare che i nostri ragazzi possono apprendere quello che gli interessa in mezzo alla gente, in quanto l&#8217;acquisizione delle abilit\u00e0 \u00e8 prerogativa di tutti, senza distinzione o steccati e la si pu\u00f2 realizzare dappertutto, senza limitazione. La sperimentazione delle Abilit\u00e0 viene prima della Riabilitazione in senso stretto, ma sono anch&#8217;esse forme di riabilitazione. Per cui se una persona individua la strada pi\u00f9 consona alle proprie capacit\u00e0 ed aspettative, la potr\u00e0 perseguire per tutta la vita. Ma ci\u00f2 vale per chiunque, normodotati o diversamente abili. Solo che questi ultimi ci mettono molta pi\u00f9 fatica ed attenzione e i risultati non sono sempre gratificanti e uguali per tutti. Per tale motivo per loro raggiungere degli obiettivi importanti rappresenta una grande conquista, da valorizzare. A sostegno di tutto questo, abbiamo finalmente una Legge, il Piano socio-sanitario regionale, che raccogliendo le richieste ormai pi\u00f9 che mature provenienti dalla societ\u00e0 civile indica la strada da seguire, integrando i Servizi e le Risorse degli Enti pubblici, fino ad oggi, di stretta pertinenza del \u201cSanitario\u201d o del \u201cSociale\u201d, comunque disperse in mille rivoli, inserendole in un \u00a0unico Fondo, oggetto di una unica Programmazione e Progettazione.<\/p>\n<p style=\"text-align: justify\">E non \u00e8 un caso che detto Piano stai registrando una forte opposizione da parte di chi si vede sottrarre delle competenze che comportano la mancata gestione esclusiva di denaro pubblico. Ed \u00e8 tutto dire ! Ma c&#8217;\u00e8 un&#8217;altra battaglia da vincere, egualmente importante : c&#8217;\u00e8 da correggere tutta una mentalit\u00e0 relativa ad un modo di concepire un \u201cServizio\u201d. Fra l&#8217;altro, la riabilitazione che parte da cose semplici, pu\u00f2 costare \u00a0molto meno di un Servizio pubblico fortemente strutturato, in quanto si avvale di tante attivit\u00e0 disseminate sul territorio, che possono rappresentare il massimo della \u201cofferta\u201d sociale e creare anche possibilit\u00e0 lavorative. Il ragazzo pu\u00f2 andare dal barbiere, dal falegname, dall&#8217;ortolano a piantare patate e cipolle, in un laboratorio di ceramica, insomma imparare un mestiere, o in piscina o a fare attivit\u00e0 teatrale accompagnato da un esperto che lo conosce, il Compagno Adulto, opportunamente formato. E&#8217; il Terapeuta di strada, che gli pu\u00f2 stare accanto per indirizzarlo verso tante esperienze gratificanti. Tanti piccoli spazi, tante opportunit\u00e0.<\/p>\n<p style=\"text-align: justify\">E poi se ce n&#8217;\u00e8 uno pi\u00f9 grande, che si suol chiamare Fattoria Sociale, ben venga. Ci sar\u00e0 spazio per tutti . Nella ricerca delle opportunit\u00e0 per la disabilit\u00e0 scopriamo il ritorno alla Natura, che \u00e8 un toccasana per tutti. Il cerchio si chiude: la Natura semplice per definizione si mostra capace di dare le giuste risposte alla complessit\u00e0 della societ\u00e0 moderna con tutte le sue contraddizioni. Abbiamo voluto attardarci a parlare della Nuova Cultura del Sociale perch\u00e8 la riteniamo di primaria importanza, per tornare ora alle note dolenti di sempre. Nonostante l&#8217;Autismo sia stato inserito nei LEA (Livelli essenziali di Assistenza) ed esistono le Linee Guida a livello Regionale che regolamentano il fenomeno, gli interventi sono del tutto insufficienti. La circolare dell&#8217;Ass.to Reg.le Salute n\u00b0 12, assegna lo 0,1 % del Bilancio dell&#8217;ASP ai Centri Diurni esistenti, mentre lascia alla discrezione della stessa ASP gli altri interventi, a cominciare dai Centri di Diagnosi precoce. Anche questi insufficienti. Ce n&#8217;e&#8217; uno solo in citt\u00e0, al Mandalari. Ne sono previsti altri 3, ma i tempi ancora non si conoscono. Gli unici Centri Diurni convenzionati nella nostra provincia, \u00e8 risaputo, si trovano a Nizza Sicilia e a Naso, nessuno a Messina. Altri sono in attesa di accredito e di convenzione. Fra questi il Centro ANGSA di Barcellona, sorto su iniziativa di Associazioni Familiari. Ne occorrerebbero almeno altri tre, da collocare nella nostra citt\u00e0.<\/p>\n<p style=\"text-align: justify\">Intanto, in mancanza di una seria programmazione ci si muove in ordine sparso con interventi a pioggia, lasciando ai privati spazi che potrebbero benissimo essere occupati dal Servizio pubblico o dalle Associazioni familiari che si muovono in questo contesto. Occorre superare un grosso equivoco, capire che valore si d\u00e0 ai LEA e perch\u00e8 mai, secondo quale interpretazione in una provincia si interviene massicciamente a favore dei Centri per l&#8217;Autismo e in un altra , come Messina, si adducono problemi di limiti di Bilancio. Occorre che a tal proposito intervenga la Regione con circolari esplicative. La creazione di un Centro unico per l&#8217;Autismo che coordini tutte le iniziative in materia, oltre che provvedere ad unificare i capitoli di spesa darebbe maggiore impulso alla comprensione e alla gestione del fenomeno, Non dimentichiamo gli interventi sul Dopo di Noi (la Legge Naz. 112), che trovano anche riscontro nelle disposizioni della L.328. I fondi previsti potrebbero essere utilizzati per realizzare Centri Residenziali anche per breve periodo : sono le cos\u00ec dette \u201cVacanze respiro \u201d. In estate tale Servizio pu\u00f2 acquistare grande rilevanza per far \u201crespirare\u201d tramite una vacanza \u00a0gradevole e impegnata sia i ragazzi che le loro famiglie gi\u00e0 tanto oppresse dai problemi.<\/p>\n<p style=\"text-align: justify\">Tutto ci\u00f2 deve necessariamente prevedere l&#8217;applicazione dell&#8217;art. 14 della Legge 328\/2000, non pi\u00f9 differibile, riguardante un pilastro dell&#8217;assistenzialismo e cio\u00e8 la messa a punto di Progetti Individuali di Vita per persone disabili, a cura principalmente del Comune ma in accordo con l&#8217;ASP , che deve accompagnare il ragazzo diversamente abile per tutto l&#8217;arco della sua vita. Si ricorda per l&#8217;ennesima volta che tutte le iniziative devono tendere comunque all&#8217; inserimento sociale e lavorativo dello stesso. Vogliamo mettere in risalto in ultimo e ce n&#8217;\u00e8 bisogno, che il Sindaco \u00e8 la massima autorit\u00e0 in campo sanitario, come lo \u00e8 in campo sociale. Chi meglio di lui pu\u00f2 essere la sintesi, la spinta per sviluppare tutta la progettualit\u00e0 su enunciata ? Cos\u00ec come \u00e8 altrettanto importante raccogliere le indicazioni scaturite dall&#8217;o.d.g. del 4 Aprile scorso, sottoscritto all&#8217;unanimit\u00e0 dal Consiglio Comunale di Messina uscente che d\u00e0 mandato al Sindaco perch\u00e8 si faccia parte attiva, coinvolgendo anche la Deputazione regionale e nazionale messinese, a promuovere iniziative volte ad incrementare i Servizi a favore dell&#8217;Autismo, in primis i Centri Diurni nella nostra citt\u00e0. Ricordiamo che il ruolo della Deputazione regionale \u00e8 fondamentale per incidere nelle scelte del Governo<\/p>\n<p style=\"text-align: justify\">regionale, non ultimo il ripristino del Tavolo Tecnico Autismo presso l&#8217;Ass.to reg. alla Salute, allargato alle Associazioni Familiari. Queste per grandi linee le tematiche legate all&#8217;Autismo nella nostra citt\u00e0, che avremo modi di precisare meglio nell\u2019incontro richiesto, qualora siate disponibili. Si dir\u00e0 che c&#8217;\u00e8 troppa carne al fuoco. Ma chiunque voglia cominciare ad approfondirle veramente deve diventare specialista, deve entrare nel merito e predisporre le occasioni, gli strumenti e gli organismi adatti che sappiano indicare un percorso e finalmente dare le giuste risposte. Altrimenti le criticit\u00e0 rimanendo irrisolte si assommano e la rabbia della gente aumenta. Ora, siamo pienamente consapevoli che, in questo momento di campagna elettorale, nel rivolgerci a Voi si pu\u00f2 correre il rischio di avere delle risposte di \u201cconvenienza\u201d. Noi vogliamo controvertire questo concetto. Vogliamo iniziare questo confronto \u00a0adesso, per verificare dopo, quello che si vorr\u00e0 realizzare. Vogliamo credere che in questa nostra citt\u00e0 martoriata possa avvenire una controtendenza. Possibile che il dibattito in corso debba essere riportato sempre al sospetto, al risentimento, alla diffidenza se non al litigio ? Vogliamo credere che chi si candida a Sindaco si prefigga il fermo proponimento di fare gli interessi dei cittadini e non dare di se una immagine distorta che aumenta la distanza con chi usufruisce di un Servizio pubblico. Ci aspettiamo come rappresentanti dei nostri congiunti disabili, ma anche come semplici cittadini, risposte pertinenti, realizzabili, qualificate, competenti, concrete e verificabili nel breve periodo. Basta con la politica delle promesse, del rinvio, che ha contraddistinto tanti uomini e tanti partiti nel passato. Vorremmo che si iniziasse una nuova stagione e si inaugurasse uno stile diverso rispetto al passato, nella quale sia resa possibile l&#8217;identificazione di modalit\u00e0 e tempi di controllo reale, effettivo sull&#8217;operato che man mano viene portato avanti dalla Amministrazione.<\/p>\n<p style=\"text-align: justify\">Vorremmo che, a fronte delle poche risorse che sempre vengono portate a pretesto per non fare, si lavorasse per Progetti, in cui vengono coinvolti direttamente i cittadini con le loro rappresentanze. Anzi, vorremmo che la capacit\u00e0 a progettare diventasse un punto di forza della nuova Amministrazione e rappresentasse un vero e proprio Servizio offerto alla cittadinanza. Negli anni passati un certo pressapochismo ha fatto si che Fondi regionali ed europei restassero inutilizzati a tutto danno della collettivit\u00e0. Per attrarre finanziamenti occorre capacit\u00e0 e professionalit\u00e0 comprovata. Pertanto, auspichiamo che, intanto in questa campagna elettorale, si abbassino i toni esacerbati, si smorzino i contrasti e si alzi il livello del dialogo e delle comprovate capacit\u00e0. Noi siamo qui a parlare di Autismo, ma vorremmo che maggiore attenzione fosse rivolta a tutta la disabilit\u00e0, che ancora occupa troppo poco spazio nelle iniziative che si mettono in essere, sia a livello politico che socio- sanitario. Restiamo pertanto, in attesa di effettuare un confronto franco e aperto con le S.L.<\/p>\n<p style=\"text-align: justify\">\n<div class=\"document-page\">\n<div class=\"pdf-page\">\n<div class=\"text-wrapper user-select-text\"><\/div>\n<\/div>\n<\/div>\n<div class=\"document-page\">\n<div class=\"pdf-page\">\n<div><\/div>\n<\/div>\n<\/div>\n","protected":false},"excerpt":{"rendered":"<p>Riceviamo e pubblichiamo interamente la lettera aperta di Pino Curr\u00f2, coordinatore del tavolo tecnico per l&#8217;autismo, ai candidati alla poltrona di sindaco. La nota \u00e8 stata inviata per conto delle Associazioni Familiari che operano all&#8217;interno del Tavolo : Il Volo &#8211; Nati per la Vita &#8211; Comitato genitori figli speciali &#8211; La Linea Curva &#8211; [&hellip;]<\/p>\n","protected":false},"author":15,"featured_media":10355,"comment_status":"closed","ping_status":"open","sticky":false,"template":"","format":"standard","meta":{"ub_ctt_via":"","_mi_skip_tracking":false},"categories":[5],"tags":[],"featured_image_src":"https:\/\/www.messinaoggi.it\/website\/wp-content\/uploads\/2017\/10\/palazzo-zanca-messinaRRP_1715.jpg","author_info":{"display_name":"red.me","author_link":"https:\/\/www.messinaoggi.it\/website\/author\/red-me\/"},"digistream_id":0,"digistream":false,"_links":{"self":[{"href":"https:\/\/www.messinaoggi.it\/website\/wp-json\/wp\/v2\/posts\/19070"}],"collection":[{"href":"https:\/\/www.messinaoggi.it\/website\/wp-json\/wp\/v2\/posts"}],"about":[{"href":"https:\/\/www.messinaoggi.it\/website\/wp-json\/wp\/v2\/types\/post"}],"author":[{"embeddable":true,"href":"https:\/\/www.messinaoggi.it\/website\/wp-json\/wp\/v2\/users\/15"}],"replies":[{"embeddable":true,"href":"https:\/\/www.messinaoggi.it\/website\/wp-json\/wp\/v2\/comments?post=19070"}],"version-history":[{"count":0,"href":"https:\/\/www.messinaoggi.it\/website\/wp-json\/wp\/v2\/posts\/19070\/revisions"}],"wp:featuredmedia":[{"embeddable":true,"href":"https:\/\/www.messinaoggi.it\/website\/wp-json\/wp\/v2\/media\/10355"}],"wp:attachment":[{"href":"https:\/\/www.messinaoggi.it\/website\/wp-json\/wp\/v2\/media?parent=19070"}],"wp:term":[{"taxonomy":"category","embeddable":true,"href":"https:\/\/www.messinaoggi.it\/website\/wp-json\/wp\/v2\/categories?post=19070"},{"taxonomy":"post_tag","embeddable":true,"href":"https:\/\/www.messinaoggi.it\/website\/wp-json\/wp\/v2\/tags?post=19070"}],"curies":[{"name":"wp","href":"https:\/\/api.w.org\/{rel}","templated":true}]}}