{"id":190572,"date":"2024-03-12T16:09:55","date_gmt":"2024-03-12T15:09:55","guid":{"rendered":"http:\/\/www.messinaoggi.it\/website\/?p=190572"},"modified":"2024-03-12T16:10:03","modified_gmt":"2024-03-12T15:10:03","slug":"la-fauci-il-palazzo-comunale-sia-accessibile-a-tutti","status":"publish","type":"post","link":"https:\/\/www.messinaoggi.it\/website\/2024\/03\/12\/la-fauci-il-palazzo-comunale-sia-accessibile-a-tutti\/","title":{"rendered":"La Fauci: &#8220;Il palazzo comunale sia accessibile a tutti&#8221;"},"content":{"rendered":"\n<p>&#8220;Ho presentato un\u2019interrogazione al sindaco Basile per sollevare una questione, a mio avviso, cruciale che riguarda l&#8217;accessibilit\u00e0 e la fruibilit\u00e0 dei servizi comunali nella citt\u00e0 di Messina&#8221;: lo dichiara in una nota il vice presidente supplente Giandomenico La Fauci (Ora Sicilia).<div id=\"div-gpt-ad-Messinaoggi.it-DSK-300x250-corpoart\" style=\"text-align:center;margin:0 auto;\"><\/div><\/p>\n\n\n\n<p>&#8220;Ritengo fondamentale la possibilit\u00e0 di garantire un facile accesso alle informazioni e ai servizi offerti dal Comune. Solo in questo modo consentiremo agli utenti di usufruire dei servizi comunali senza difficolt\u00e0 e alla met\u00e0 del tempo. Sono tante, infatti, le segnalazioni &#8211; che mi sono prevenute &#8211; di cittadini \u201cpersi\u201d alla ricerca di questo o quell\u2019ufficio non segnalato. \u00a0<br>Per questi motivi ho chiesto sulla possibilit\u00e0 della realizzazione di una planimetria chiara e dettagliata del Palazzo comunale, facilmente accessibile a tutti i cittadini, che indichi la collocazione dei vari servizi offerti dall&#8217;amministrazione. Inoltre ritengo fondamentale il superamento e l\u2019abbattimento di eventuali barriere architettoniche che possano essere da ostacolo all&#8217;accesso delle persone con disabilit\u00e0. Per esempio, va notata l&#8217;assenza di parcheggi riservati ai disabili in prossimit\u00e0 degli ingressi a loro dedicati, una lacuna che compromette l&#8217;accessibilit\u00e0. I parcheggi presenti sono di fronte all\u2019ingresso principale, mentre sono pi\u00f9 difficili da individuare in prossimit\u00e0 di quelli laterali. Ingressi dove, tra l\u2019altro, sono presenti gli ascensori utilizzati dai disabili.\u00a0<br>Personalmente, mi impegner\u00f2 a seguire questa vicenda nella speranza di una rapida risoluzione, cos\u00ec da rendere il nostro Palazzo comunale davvero accessibile a tutti&#8221;.<div id=\"videoincontent\" style=\"clear:both\";><\/div><\/p>\n","protected":false},"excerpt":{"rendered":"<p>&#8220;Ho presentato un\u2019interrogazione al sindaco Basile per sollevare una questione, a mio avviso, cruciale che riguarda l&#8217;accessibilit\u00e0 e la fruibilit\u00e0 dei servizi comunali nella citt\u00e0 di Messina&#8221;: lo dichiara in una nota il vice presidente supplente Giandomenico La Fauci (Ora Sicilia). &#8220;Ritengo fondamentale la possibilit\u00e0 di garantire un facile accesso alle informazioni e ai servizi [&hellip;]<\/p>\n","protected":false},"author":4,"featured_media":49176,"comment_status":"open","ping_status":"open","sticky":false,"template":"","format":"standard","meta":{"ub_ctt_via":"","_mi_skip_tracking":false},"categories":[5],"tags":[45,9332,30],"featured_image_src":"https:\/\/www.messinaoggi.it\/website\/wp-content\/uploads\/2020\/11\/palazo-zanca.jpg","author_info":{"display_name":"redme","author_link":"https:\/\/www.messinaoggi.it\/website\/author\/redme\/"},"digistream_id":0,"digistream":false,"_links":{"self":[{"href":"https:\/\/www.messinaoggi.it\/website\/wp-json\/wp\/v2\/posts\/190572"}],"collection":[{"href":"https:\/\/www.messinaoggi.it\/website\/wp-json\/wp\/v2\/posts"}],"about":[{"href":"https:\/\/www.messinaoggi.it\/website\/wp-json\/wp\/v2\/types\/post"}],"author":[{"embeddable":true,"href":"https:\/\/www.messinaoggi.it\/website\/wp-json\/wp\/v2\/users\/4"}],"replies":[{"embeddable":true,"href":"https:\/\/www.messinaoggi.it\/website\/wp-json\/wp\/v2\/comments?post=190572"}],"version-history":[{"count":1,"href":"https:\/\/www.messinaoggi.it\/website\/wp-json\/wp\/v2\/posts\/190572\/revisions"}],"predecessor-version":[{"id":190574,"href":"https:\/\/www.messinaoggi.it\/website\/wp-json\/wp\/v2\/posts\/190572\/revisions\/190574"}],"wp:featuredmedia":[{"embeddable":true,"href":"https:\/\/www.messinaoggi.it\/website\/wp-json\/wp\/v2\/media\/49176"}],"wp:attachment":[{"href":"https:\/\/www.messinaoggi.it\/website\/wp-json\/wp\/v2\/media?parent=190572"}],"wp:term":[{"taxonomy":"category","embeddable":true,"href":"https:\/\/www.messinaoggi.it\/website\/wp-json\/wp\/v2\/categories?post=190572"},{"taxonomy":"post_tag","embeddable":true,"href":"https:\/\/www.messinaoggi.it\/website\/wp-json\/wp\/v2\/tags?post=190572"}],"curies":[{"name":"wp","href":"https:\/\/api.w.org\/{rel}","templated":true}]}}