{"id":19048,"date":"2018-05-07T17:30:34","date_gmt":"2018-05-07T15:30:34","guid":{"rendered":"http:\/\/www.messinaoggi.it\/website\/?p=19048"},"modified":"2018-05-07T17:30:34","modified_gmt":"2018-05-07T15:30:34","slug":"messina-citta-animalista-liniziativa-di-bramanti-per-il-benessere-degli-animali","status":"publish","type":"post","link":"https:\/\/www.messinaoggi.it\/website\/2018\/05\/07\/messina-citta-animalista-liniziativa-di-bramanti-per-il-benessere-degli-animali\/","title":{"rendered":"\u201cMessina, citt\u00e0 animalista\u201d. L&#039;iniziativa di Bramanti per il benessere degli animali"},"content":{"rendered":"<p style=\"text-align: justify\">Nella sfida per Palazzo Zanca un ruolo da non sottovalutare lo potrebbe sicuramente incarnare quella fascia dell&#8217;elettorato\u00a0peloritano da anni in prima fila per la tutela degli animali. Convergere sulle loro battaglie potrebbe rivelarsi decisivo lo sa bene Dino Bramanti, promotore di\u00a0<strong>\u201cMessina, citt\u00e0 animalista\u201d, <\/strong>iniziativa tenutasi\u00a0ieri a Torre Faro, che ha avuto come protagonisti diversi veterinari specialisti della Clinica San Francesco del Dott. Giovanni Minaf\u00f2, impegnati in decine di consulenze gratuite.<div id=\"div-gpt-ad-Messinaoggi.it-DSK-300x250-corpoart\" style=\"text-align:center;margin:0 auto;\"><\/div><\/p>\n<p class=\"x_MsoNormal\" style=\"text-align: justify\">\n<p class=\"x_MsoNormal\" style=\"text-align: justify\">La manifestazione,\u00a0 \u00e8 stata realizzata in collaborazione con l\u2019associazione animalista di volontariato <strong>Onlus \u201cSoccorriamoli\u201d, il Centro Regionale Helen Keller, la Clinica Veterinaria San Francesco e con la collaborazione delle guardie zoofile della Lega Nazionale per la Difesa del Cane &#8211; sezione di Messina.\u00a0<\/strong><div id=\"videoincontent\" style=\"clear:both\";><\/div><\/p>\n<p class=\"x_MsoNormal\" style=\"text-align: justify\"><strong>I temi trattati.<\/strong>\u00a0Al centro del dialogo intavolato dal candidato del centrodestra la gestione del fenomeno del randagismo, la promozione delle adozioni responsabili e consapevoli, l\u2019organizzazione di campagne di sensibilizzazione e informazione nelle scuole e con eventi programmati sul territorio dedicati all\u2019educazione sanitaria, l\u2019obbligo di microchippare e quindi avere un censimento dettagliato dell\u2019anagrafe canina, la creazione di un canile sanitario e la carenza di canili e gattili comunali. Un&#8217;occasione per avvicinare animalisti e rappresentanza politica, un modo per portare nelle Istituzioni gli interessi dei nostri amici a quattro zampe e in generale della fauna dello Stretto come ha ribadito in un suo intervento lo stesso <strong>Bramanti<\/strong>: <em>\u201cUna bellissima giornata dedicata ai nostri amici animali, perch\u00e9 Messina ha una forte sensibilit\u00e0 animalista che deve essere per\u00f2 necessariamente supportate dal ruolo delle Istituzioni per risolvere le criticit\u00e0 attualmente presenti e relative alla sanit\u00e0 veterinaria e al benessere degli animali in generale\u201d.<\/em><\/p>\n<p class=\"x_MsoNormal\" style=\"text-align: justify\">L&#8217;evento \u00e8 stato presenziato anche dall&#8217;Assessore Regionale alla Salute,\u00a0<strong>Ruggero Razza<\/strong>, che si \u00e8 soffermato su alcuni aspetti relativi alle iniziative di sanit\u00e0 veterinaria che intraprender\u00e0 la Regione: <em>\u201cC\u2019\u00e8 il progetto per realizzare il primo pronto soccorso veterinario pubblico a Messina, a testimonianza di una sensibilit\u00e0 del Governo regionale che deve essere estesa partendo dalle scuole, tra i ragazzi, per trasferire a loro questo dovere civico. Nella legge finanziaria, appena approvata Parlamento della Regione, \u00e8 stata prevista una norma che inasprisce le pene pecuniarie per chi maltratta gli animali. Esiste un dovere di controllo da parte della Regione e delle Asp da effettuarsi ad esempio sui canili, perch\u00e9 non tutti sono concepiti a norma di legge. In questa giornata ci riscopriamo cittadini accanto agli animali, con le idee chiare su quello che vogliamo fare e su come realizzarlo\u201d.<\/em><\/p>\n<p class=\"x_MsoNormal\" style=\"text-align: justify\">Al termine dell&#8217;iniziativa l&#8217;applaudita dimostrazione dei cani guida del Centro Helen Keller, dell\u2019Unione Italiana Ciechi, presieduta da\u00a0<strong>Pippo Terranova<\/strong>.<\/p>\n<p class=\"x_MsoNormal\" style=\"text-align: justify\">\n<p class=\"x_MsoNormal\">\n","protected":false},"excerpt":{"rendered":"<p>Nella sfida per Palazzo Zanca un ruolo da non sottovalutare lo potrebbe sicuramente incarnare quella fascia dell&#8217;elettorato\u00a0peloritano da anni in prima fila per la tutela degli animali. Convergere sulle loro battaglie potrebbe rivelarsi decisivo lo sa bene Dino Bramanti, promotore di\u00a0\u201cMessina, citt\u00e0 animalista\u201d, iniziativa tenutasi\u00a0ieri a Torre Faro, che ha avuto come protagonisti diversi veterinari [&hellip;]<\/p>\n","protected":false},"author":6,"featured_media":19052,"comment_status":"closed","ping_status":"open","sticky":false,"template":"","format":"standard","meta":{"ub_ctt_via":"","_mi_skip_tracking":false},"categories":[4],"tags":[],"featured_image_src":"https:\/\/www.messinaoggi.it\/website\/wp-content\/uploads\/2018\/05\/31948943_232626084154790_3771561153717600256_n-1.jpg","author_info":{"display_name":"Redazione MessinaOggi.it","author_link":"https:\/\/www.messinaoggi.it\/website\/author\/p-vinci\/"},"digistream_id":0,"digistream":false,"_links":{"self":[{"href":"https:\/\/www.messinaoggi.it\/website\/wp-json\/wp\/v2\/posts\/19048"}],"collection":[{"href":"https:\/\/www.messinaoggi.it\/website\/wp-json\/wp\/v2\/posts"}],"about":[{"href":"https:\/\/www.messinaoggi.it\/website\/wp-json\/wp\/v2\/types\/post"}],"author":[{"embeddable":true,"href":"https:\/\/www.messinaoggi.it\/website\/wp-json\/wp\/v2\/users\/6"}],"replies":[{"embeddable":true,"href":"https:\/\/www.messinaoggi.it\/website\/wp-json\/wp\/v2\/comments?post=19048"}],"version-history":[{"count":0,"href":"https:\/\/www.messinaoggi.it\/website\/wp-json\/wp\/v2\/posts\/19048\/revisions"}],"wp:featuredmedia":[{"embeddable":true,"href":"https:\/\/www.messinaoggi.it\/website\/wp-json\/wp\/v2\/media\/19052"}],"wp:attachment":[{"href":"https:\/\/www.messinaoggi.it\/website\/wp-json\/wp\/v2\/media?parent=19048"}],"wp:term":[{"taxonomy":"category","embeddable":true,"href":"https:\/\/www.messinaoggi.it\/website\/wp-json\/wp\/v2\/categories?post=19048"},{"taxonomy":"post_tag","embeddable":true,"href":"https:\/\/www.messinaoggi.it\/website\/wp-json\/wp\/v2\/tags?post=19048"}],"curies":[{"name":"wp","href":"https:\/\/api.w.org\/{rel}","templated":true}]}}