{"id":19045,"date":"2018-05-07T17:05:27","date_gmt":"2018-05-07T15:05:27","guid":{"rendered":"http:\/\/www.messinaoggi.it\/website\/?p=19045"},"modified":"2018-05-07T17:05:27","modified_gmt":"2018-05-07T15:05:27","slug":"il-canto-di-nessuno-incanta-la-platea-del-mandanici","status":"publish","type":"post","link":"https:\/\/www.messinaoggi.it\/website\/2018\/05\/07\/il-canto-di-nessuno-incanta-la-platea-del-mandanici\/","title":{"rendered":"Il Canto di Nessuno incanta  la platea del Mandanici"},"content":{"rendered":"<p>Interminabili scrosci\u00a0 d\u2019applausi e un caloroso e avvolgente abbraccio che dal pubblico si \u00e8 levato a salutare gli artisti sul palcoscenico e con la stessa intensit\u00e0 \u00e8 stato ricambiato. Questa l\u2019immagine di Odissea. Il canto di Nessuno che sabato scorso ha chiuso la lunga rassegna del Teatro Mandanici e \u00a0che rimarr\u00e0 indelebilmente impressa nella mente degli spettatori.<br \/>\nConfermato, insomma, il valore del progetto durato due anni che l\u2019anno scorso ha dato vita a \u201cUn canto mediterraneo\u201d e che quest\u2019anno, appunto nella serata conclusiva, tra le suggestioni dei fiati, quelle delle percussioni, le grandi voci soliste, il suono inconfondibile di zampogne a paru e organetti e la potenza dei cori, impegnati sia nei recitativi sia nei canti, ha raccontato una Odissea \u201cresa attraverso quella lingua omerica e mediterranea che \u00e8 il siciliano\u201d, con rigore narrativo e ingegnoso mix di musica e parola.<br \/>\n<img loading=\"lazy\" class=\"alignnone size-medium wp-image-19042\" src=\"http:\/\/www.messinaoggi.it\/website\/wp-content\/uploads\/2018\/05\/31945918_1652661414781749_6564045157526667264_n-200x300.jpg\" alt=\"\" width=\"200\" height=\"300\" \/><br \/>\nUn progetto, questo, ideato da Sergio Maifredi e mirabilmente diretto e interpretato da Mario\u00a0 Incudine, \u00a0in scena nel doppio\u00a0 ruolo di Ulisse e di un cantore e che ha visto Ivan Bertolami vestire i panni di Polifemo e lo special guest <strong>Kaball\u00e0<\/strong> in quello del cantore, mentre gli allievi dei laboratori hanno vestito i panni dei Ciclopi.<br \/>\nA\u00a0 rafforzare la magia di una\u00a0 storia \u00a0senza tempo il musicista Antonio Vasta, maestro \u00a0concertatore dello\u00a0 spettatore, che con i suoi\u00a0 immancabili\u00a0\u00a0 fisarmonica, pianoforte e organetto, ha diretto magistralmente la parte musicale affiancando i maestri\u00a0 <strong>Antonio Putzu<\/strong> (fiati), <strong>Daniele Merrino<\/strong> (fiati), <strong>Giorgio Rizzo<\/strong> (percussioni), <strong>Francesco Argento<\/strong> (batteria), <strong>Pino Ricosta<\/strong> (basso), <strong>Manfredi Tumminello<\/strong> (chitarre), <strong>Santino Merrino<\/strong> (tamburelli), il <strong>Coro popolare del Teatro Mandanici<\/strong>, l\u2019<strong>Orchestra popolare di Barcellona Pozzo di Gotto<\/strong>, l\u2019<strong>Ensemble di zampogne<\/strong>, gli Organetti del maestro <strong>Pippo Benevento<\/strong>, i <strong>Visillanti &#8220;Ges\u00f9 che porta la croce&#8221;<\/strong> di Barcellona e i Visillanti <strong>&#8220;Simbuli d\u00e2 Passioni&#8221; <\/strong>di Pozzo di Gotto, il <strong>Quartetto a plettro<\/strong> (Raffaele Pullara al mandolino, Mario D\u2019Allura al mandolino, Giannicola Stagno alla mandola ed Elisabetta Monaco al mandoloncello), la <strong>Banda &#8220;Placido Mandanici&#8221;<\/strong>.<br \/>\n<img loading=\"lazy\" class=\"alignnone size-medium wp-image-19050\" src=\"http:\/\/www.messinaoggi.it\/website\/wp-content\/uploads\/2018\/05\/31956042_1652659574781933_7188325800825847808_o-300x181.jpg\" alt=\"\" width=\"300\" height=\"181\" \/><br \/>\nUno spettacolo corale, \u00a0che ha dato voce alla disperazione di un uomo, di un popolo, di una terra costruito su un impianto davvero originale in ogni sua parte che ha stupito il pubblico\u00a0 regalandogli una serata caratterizzata da incredibili emozioni.<br \/>\n<img loading=\"lazy\" class=\"alignnone size-medium wp-image-19051\" src=\"http:\/\/www.messinaoggi.it\/website\/wp-content\/uploads\/2018\/05\/31945553_1652660804781810_1529465646838972416_o-300x200.jpg\" alt=\"\" width=\"300\" height=\"200\" \/><br \/>\nCos\u00ec si chiude l\u2019intensa stagione teatrale del Teatro\u00a0 Mandanici\u00a0 che in nove mesi\u00a0 ha visto \u00a0ottomila spettatori, quattro sold out, artisti come Edoardo Bennato, Massimo Ranieri, Jarabe de Palo, Tullio Solenghi, il Balletto di San Pietroburgo, l\u2019opera lirica e il \u00a0il family show: e a chiudere in bellezza la Stagione 2017\/2018 del Teatro \u201cMandanici\u201d di Barcellona Pozzo di Gotto, con una platea affollatissima e calorosa, \u201c<strong>Il canto di Nessuno<\/strong>\u201d, che ha portato in scena gli allievi dei laboratori e le eccellenze del territorio.<br \/>\n <div id=\"div-gpt-ad-Messinaoggi.it-DSK-300x250-corpoart\" style=\"text-align:center;margin:0 auto;\"><\/div><\/p>\n<div id=\"videoincontent\" style=\"clear:both\";><\/div>","protected":false},"excerpt":{"rendered":"<p>Interminabili scrosci\u00a0 d\u2019applausi e un caloroso e avvolgente abbraccio che dal pubblico si \u00e8 levato a salutare gli artisti sul palcoscenico e con la stessa intensit\u00e0 \u00e8 stato ricambiato. Questa l\u2019immagine di Odissea. Il canto di Nessuno che sabato scorso ha chiuso la lunga rassegna del Teatro Mandanici e \u00a0che rimarr\u00e0 indelebilmente impressa nella mente [&hellip;]<\/p>\n","protected":false},"author":5,"featured_media":19047,"comment_status":"closed","ping_status":"open","sticky":false,"template":"","format":"standard","meta":{"ub_ctt_via":"","_mi_skip_tracking":false},"categories":[17],"tags":[],"featured_image_src":"https:\/\/www.messinaoggi.it\/website\/wp-content\/uploads\/2018\/05\/31948613_1652660371448520_4588040307907493888_o-1.jpg","author_info":{"display_name":"Maria Antonella Saia","author_link":"https:\/\/www.messinaoggi.it\/website\/author\/m-saia\/"},"digistream_id":0,"digistream":false,"_links":{"self":[{"href":"https:\/\/www.messinaoggi.it\/website\/wp-json\/wp\/v2\/posts\/19045"}],"collection":[{"href":"https:\/\/www.messinaoggi.it\/website\/wp-json\/wp\/v2\/posts"}],"about":[{"href":"https:\/\/www.messinaoggi.it\/website\/wp-json\/wp\/v2\/types\/post"}],"author":[{"embeddable":true,"href":"https:\/\/www.messinaoggi.it\/website\/wp-json\/wp\/v2\/users\/5"}],"replies":[{"embeddable":true,"href":"https:\/\/www.messinaoggi.it\/website\/wp-json\/wp\/v2\/comments?post=19045"}],"version-history":[{"count":0,"href":"https:\/\/www.messinaoggi.it\/website\/wp-json\/wp\/v2\/posts\/19045\/revisions"}],"wp:featuredmedia":[{"embeddable":true,"href":"https:\/\/www.messinaoggi.it\/website\/wp-json\/wp\/v2\/media\/19047"}],"wp:attachment":[{"href":"https:\/\/www.messinaoggi.it\/website\/wp-json\/wp\/v2\/media?parent=19045"}],"wp:term":[{"taxonomy":"category","embeddable":true,"href":"https:\/\/www.messinaoggi.it\/website\/wp-json\/wp\/v2\/categories?post=19045"},{"taxonomy":"post_tag","embeddable":true,"href":"https:\/\/www.messinaoggi.it\/website\/wp-json\/wp\/v2\/tags?post=19045"}],"curies":[{"name":"wp","href":"https:\/\/api.w.org\/{rel}","templated":true}]}}