{"id":190432,"date":"2024-03-11T18:39:51","date_gmt":"2024-03-11T17:39:51","guid":{"rendered":"http:\/\/www.messinaoggi.it\/website\/?p=190432"},"modified":"2024-03-11T18:39:52","modified_gmt":"2024-03-11T17:39:52","slug":"ospiti-casa-serena-non-siamo-pacchi-postali","status":"publish","type":"post","link":"https:\/\/www.messinaoggi.it\/website\/2024\/03\/11\/ospiti-casa-serena-non-siamo-pacchi-postali\/","title":{"rendered":"Ospiti Casa Serena: &#8220;Non siamo pacchi postali&#8221;"},"content":{"rendered":"\n<p>Hanno raccolto le firme di proprio pugno per dire &#8220;no&#8221; all&#8217;ennesimo spostamento. Sono gli ospiti di Casa Serena &#8220;spostati&#8221; a Collereale e adesso in procinto di essere collocati in latra struttura a Santa Margherita.<div id=\"div-gpt-ad-Messinaoggi.it-DSK-300x250-corpoart\" style=\"text-align:center;margin:0 auto;\"><\/div><\/p>\n\n\n\n<p>Ma adesso fanno sentire la propria voce e dicono di no a quella che sembra essere una decisione imminente da parte della Messina Social City.<div id=\"videoincontent\" style=\"clear:both\";><\/div><\/p>\n\n\n\n<p>Hanno raccolto una trentina di firme e spiegano perch\u00e8 non ci vogliono andare a Santa Margherita. &#8220;A Collereale stiamo bene &#8211; scrivono &#8211; perch\u00e8 si trova al centro della citt\u00e0, abbiamo la possibilit\u00e0 di fare piccole passeggiate, andare al bar e consentire ai nostri familiari di venire a trovarci agevolmente. A Santa Margherita saremmo &#8216;reclusi&#8217;. L\u00ec non vogliamo andarci&#8221;.<\/p>\n\n\n\n<p>La petizione sar\u00e0 inviata ai vertici della Messina Social City che adesso dovr\u00e0 tenere conto delle esigenze di questi &#8220;agguerriti&#8221; anziani.<\/p>\n","protected":false},"excerpt":{"rendered":"<p>Hanno raccolto le firme di proprio pugno per dire &#8220;no&#8221; all&#8217;ennesimo spostamento. Sono gli ospiti di Casa Serena &#8220;spostati&#8221; a Collereale e adesso in procinto di essere collocati in latra struttura a Santa Margherita. Ma adesso fanno sentire la propria voce e dicono di no a quella che sembra essere una decisione imminente da parte [&hellip;]<\/p>\n","protected":false},"author":2,"featured_media":2380,"comment_status":"open","ping_status":"open","sticky":false,"template":"","format":"standard","meta":{"ub_ctt_via":"","_mi_skip_tracking":false},"categories":[6],"tags":[2196,5904,9700,1761],"featured_image_src":"https:\/\/www.messinaoggi.it\/website\/wp-content\/uploads\/2017\/06\/anziani-2.jpg","author_info":{"display_name":"Redazione","author_link":"https:\/\/www.messinaoggi.it\/website\/author\/redazione\/"},"digistream_id":0,"digistream":false,"_links":{"self":[{"href":"https:\/\/www.messinaoggi.it\/website\/wp-json\/wp\/v2\/posts\/190432"}],"collection":[{"href":"https:\/\/www.messinaoggi.it\/website\/wp-json\/wp\/v2\/posts"}],"about":[{"href":"https:\/\/www.messinaoggi.it\/website\/wp-json\/wp\/v2\/types\/post"}],"author":[{"embeddable":true,"href":"https:\/\/www.messinaoggi.it\/website\/wp-json\/wp\/v2\/users\/2"}],"replies":[{"embeddable":true,"href":"https:\/\/www.messinaoggi.it\/website\/wp-json\/wp\/v2\/comments?post=190432"}],"version-history":[{"count":1,"href":"https:\/\/www.messinaoggi.it\/website\/wp-json\/wp\/v2\/posts\/190432\/revisions"}],"predecessor-version":[{"id":190433,"href":"https:\/\/www.messinaoggi.it\/website\/wp-json\/wp\/v2\/posts\/190432\/revisions\/190433"}],"wp:featuredmedia":[{"embeddable":true,"href":"https:\/\/www.messinaoggi.it\/website\/wp-json\/wp\/v2\/media\/2380"}],"wp:attachment":[{"href":"https:\/\/www.messinaoggi.it\/website\/wp-json\/wp\/v2\/media?parent=190432"}],"wp:term":[{"taxonomy":"category","embeddable":true,"href":"https:\/\/www.messinaoggi.it\/website\/wp-json\/wp\/v2\/categories?post=190432"},{"taxonomy":"post_tag","embeddable":true,"href":"https:\/\/www.messinaoggi.it\/website\/wp-json\/wp\/v2\/tags?post=190432"}],"curies":[{"name":"wp","href":"https:\/\/api.w.org\/{rel}","templated":true}]}}