{"id":19043,"date":"2018-05-07T15:43:32","date_gmt":"2018-05-07T13:43:32","guid":{"rendered":"http:\/\/www.messinaoggi.it\/website\/?p=19043"},"modified":"2018-05-07T15:43:32","modified_gmt":"2018-05-07T13:43:32","slug":"presidenze-iv-e-v-circoscrizione-centrodestra-sempre-piu-spaccato","status":"publish","type":"post","link":"https:\/\/www.messinaoggi.it\/website\/2018\/05\/07\/presidenze-iv-e-v-circoscrizione-centrodestra-sempre-piu-spaccato\/","title":{"rendered":"Presidenze IV e V Circoscrizione, centrodestra sempre pi\u00f9 spaccato"},"content":{"rendered":"<p style=\"text-align: justify;\">Per Diventer\u00e0 Bellissima e il gruppo German\u00e0 il caso \u00e8 chiuso, ma per l\u2019area Genovese la partita \u00e8 ancora da giocare. A poco pi\u00f9 di una settimana dalla presentazione ufficiale delle liste, il centrodestra continua a discutere sulle candidature alle presidenze della IV o V Circoscrizione, diventate una vera e propria matassa sempre pi\u00f9 difficile da sbrogliare giorno dopo giorno. Ieri c\u2019\u00e8 stata una riunione di coalizione alla presenza dell\u2019assessore regionale alla Sanit\u00e0 Ruggiero Razza, giunto in citt\u00e0 per una manifestazione a sostegno del candidato sindaco Dino Bramanti, che ha dato la propria benedizione alla candidatura di Francesco Armone alla presidenza della IV Circoscrizione.<div id=\"div-gpt-ad-Messinaoggi.it-DSK-300x250-corpoart\" style=\"text-align:center;margin:0 auto;\"><\/div><\/p>\n<div id=\"attachment_18925\" style=\"width: 310px\" class=\"wp-caption alignright\"><img aria-describedby=\"caption-attachment-18925\" loading=\"lazy\" class=\"size-medium wp-image-18925\" src=\"http:\/\/www.messinaoggi.it\/website\/wp-content\/uploads\/2018\/05\/cut\u00e8-300x225.jpg\" alt=\"\" width=\"300\" height=\"225\" \/><p id=\"caption-attachment-18925\" class=\"wp-caption-text\">Ivan Cut\u00e8<\/p><\/div>\n<p style=\"text-align: justify;\">La volont\u00e0 del movimento creato dal Governatore Musumeci \u00e8 quello di puntare su un giovane di belle speranze, attivo e conosciuto nell\u2019ambito della politica universitaria. Ma soprattutto c\u2019\u00e8 la volont\u00e0 di far prevalere lo spirito di coalizione e quindi evitare i monopoli elettorale, esattamente quello che accadrebbe qualora venissero concesse tutte e sei le presidenze circoscrizione all\u2019area Genovese. Quest\u2019ultima, per\u00f2, non sembra aver digerito l\u2019intromissione di Razza su questioni politiche locali, cos\u00ec come continua a restare ferma sulle proprie convinzioni e sui propri numeri, che parlano di forza elettorale che gli consente di poter fare la voce grossa all\u2019interno della coalizione.<div id=\"videoincontent\" style=\"clear:both\";><\/div><\/p>\n<p style=\"text-align: justify;\">Il centrodestra nella IV Circoscrizione gi\u00e0 si presenta spaccato, vista la corsa solitaria di Maria Fernanda Gervasi, ed una candidatura ritenuta debole come quella di Armone, regalerebbe la vittoria al centrosinistra guidato da Dino Smedile oppure al Movimento 5 Stelle, che ha schierato Renato Coletta. Per questo il nome alternativo rimane quello di Alessio Mancuso. Discorso simile per la presidenza della V Circoscrizione, dove l\u2019area German\u00e0 continua a proporre il nome di un altro giovane proveniente dal mondo universitario come Ivan Cut\u00e8. Anche qui, l\u2019area Genovese non sembra affatto convinta dalla bont\u00e0 elettorale della scelta, ritenuta troppo azzardata.<\/p>\n<p style=\"text-align: justify;\">Il nome alternativo rimane quello di Paolo Barbera, consigliere uscente, ma nelle ultime ore si sta facendo largo l\u2019ipotesi Peppe Alessi, anch\u2019egli uscente, che reciterebbe il classico ruolo del terzo che gode tra i due litiganti. Il problema \u00e8 il tempo, perch\u00e9 gli avversari elettorali si stanno gi\u00e0 muovendo, la situazione non sembra di facile soluzione e l\u2019ipotesi di una spaccatura in cui ognuno vada per la propria strada si fa sempre possibile.<\/p>\n","protected":false},"excerpt":{"rendered":"<p>Per Diventer\u00e0 Bellissima e il gruppo German\u00e0 il caso \u00e8 chiuso, ma per l\u2019area Genovese la partita \u00e8 ancora da giocare. A poco pi\u00f9 di una settimana dalla presentazione ufficiale delle liste, il centrodestra continua a discutere sulle candidature alle presidenze della IV o V Circoscrizione, diventate una vera e propria matassa sempre pi\u00f9 difficile [&hellip;]<\/p>\n","protected":false},"author":14,"featured_media":18924,"comment_status":"closed","ping_status":"open","sticky":false,"template":"","format":"standard","meta":{"ub_ctt_via":"","_mi_skip_tracking":false},"categories":[4],"tags":[],"featured_image_src":"https:\/\/www.messinaoggi.it\/website\/wp-content\/uploads\/2018\/05\/armone-1.jpg","author_info":{"display_name":"Antonio Macauda","author_link":"https:\/\/www.messinaoggi.it\/website\/author\/a-macauda\/"},"digistream_id":0,"digistream":false,"_links":{"self":[{"href":"https:\/\/www.messinaoggi.it\/website\/wp-json\/wp\/v2\/posts\/19043"}],"collection":[{"href":"https:\/\/www.messinaoggi.it\/website\/wp-json\/wp\/v2\/posts"}],"about":[{"href":"https:\/\/www.messinaoggi.it\/website\/wp-json\/wp\/v2\/types\/post"}],"author":[{"embeddable":true,"href":"https:\/\/www.messinaoggi.it\/website\/wp-json\/wp\/v2\/users\/14"}],"replies":[{"embeddable":true,"href":"https:\/\/www.messinaoggi.it\/website\/wp-json\/wp\/v2\/comments?post=19043"}],"version-history":[{"count":0,"href":"https:\/\/www.messinaoggi.it\/website\/wp-json\/wp\/v2\/posts\/19043\/revisions"}],"wp:featuredmedia":[{"embeddable":true,"href":"https:\/\/www.messinaoggi.it\/website\/wp-json\/wp\/v2\/media\/18924"}],"wp:attachment":[{"href":"https:\/\/www.messinaoggi.it\/website\/wp-json\/wp\/v2\/media?parent=19043"}],"wp:term":[{"taxonomy":"category","embeddable":true,"href":"https:\/\/www.messinaoggi.it\/website\/wp-json\/wp\/v2\/categories?post=19043"},{"taxonomy":"post_tag","embeddable":true,"href":"https:\/\/www.messinaoggi.it\/website\/wp-json\/wp\/v2\/tags?post=19043"}],"curies":[{"name":"wp","href":"https:\/\/api.w.org\/{rel}","templated":true}]}}