{"id":190324,"date":"2024-03-10T18:39:34","date_gmt":"2024-03-10T17:39:34","guid":{"rendered":"http:\/\/www.messinaoggi.it\/website\/?p=190324"},"modified":"2024-03-10T18:39:36","modified_gmt":"2024-03-10T17:39:36","slug":"camposanto-allagato-gioveni-sindigna-e-scrive-a-minutoli","status":"publish","type":"post","link":"https:\/\/www.messinaoggi.it\/website\/2024\/03\/10\/camposanto-allagato-gioveni-sindigna-e-scrive-a-minutoli\/","title":{"rendered":"Camposanto allagato, Gioveni s&#8217;indigna e scrive a Minutoli"},"content":{"rendered":"\n<p>Brutta sorpresa, nei giorni scorsi, per i visitatori della sezione &#8220;ex uomini illustri&#8221; del Gran Camposanto, che si sono ritrovati gli ambienti totalmente allagati. Il consigliere comunale Libero Gioveni, capogruppo di Fratelli d&#8217;Italia, raccogliendo le legittime rimostranze e i sentimenti di indignazione di alcuni parenti dei defunti che riposano in questo edificio funerario, ha rappresentato questa grave criticit\u00e0 all&#8217;assessore ai cimiteri Minutoli. &#8220;Ho subito prodotto all&#8217;assessore questo dossier fotografico per chiedergli immediati interventi. Vedendo quelle immagini e quelle autentiche piscine che lambiscono le tombe &#8211; prosegue il consigliere &#8211; mi vengono in mente i precedenti allagamenti che ad ogni pioggia si verificavano al deposito, per il quale poi si \u00e8 provveduto con i necessari lavori di impermeabilizzazione della copertura. Mi auguro vivamente  che il Dipartimento provveda subito a pianificare tutti gli interventi necessari (anche quelli per un regolare deflusso delle acque) affinch\u00e9 ci\u00f2 che \u00e8 accaduto alla sezione degli &#8216;ex uomini illustri&#8217; non abbia pi\u00f9 a ripetersi in nessun altro edificio del Gran Camposanto, nel rispetto soprattutto dei nostri cari scomparsi&#8221;.<div id=\"div-gpt-ad-Messinaoggi.it-DSK-300x250-corpoart\" style=\"text-align:center;margin:0 auto;\"><\/div><\/p>\n<div id=\"videoincontent\" style=\"clear:both\";><\/div>","protected":false},"excerpt":{"rendered":"<p>Brutta sorpresa, nei giorni scorsi, per i visitatori della sezione &#8220;ex uomini illustri&#8221; del Gran Camposanto, che si sono ritrovati gli ambienti totalmente allagati. Il consigliere comunale Libero Gioveni, capogruppo di Fratelli d&#8217;Italia, raccogliendo le legittime rimostranze e i sentimenti di indignazione di alcuni parenti dei defunti che riposano in questo edificio funerario, ha rappresentato [&hellip;]<\/p>\n","protected":false},"author":4,"featured_media":190325,"comment_status":"open","ping_status":"open","sticky":false,"template":"","format":"standard","meta":{"ub_ctt_via":"","_mi_skip_tracking":false},"categories":[5],"tags":[828,829,740,2135],"featured_image_src":"https:\/\/www.messinaoggi.it\/website\/wp-content\/uploads\/2024\/03\/IMG-20240306-WA0056.jpg","author_info":{"display_name":"redme","author_link":"https:\/\/www.messinaoggi.it\/website\/author\/redme\/"},"digistream_id":0,"digistream":false,"_links":{"self":[{"href":"https:\/\/www.messinaoggi.it\/website\/wp-json\/wp\/v2\/posts\/190324"}],"collection":[{"href":"https:\/\/www.messinaoggi.it\/website\/wp-json\/wp\/v2\/posts"}],"about":[{"href":"https:\/\/www.messinaoggi.it\/website\/wp-json\/wp\/v2\/types\/post"}],"author":[{"embeddable":true,"href":"https:\/\/www.messinaoggi.it\/website\/wp-json\/wp\/v2\/users\/4"}],"replies":[{"embeddable":true,"href":"https:\/\/www.messinaoggi.it\/website\/wp-json\/wp\/v2\/comments?post=190324"}],"version-history":[{"count":1,"href":"https:\/\/www.messinaoggi.it\/website\/wp-json\/wp\/v2\/posts\/190324\/revisions"}],"predecessor-version":[{"id":190326,"href":"https:\/\/www.messinaoggi.it\/website\/wp-json\/wp\/v2\/posts\/190324\/revisions\/190326"}],"wp:featuredmedia":[{"embeddable":true,"href":"https:\/\/www.messinaoggi.it\/website\/wp-json\/wp\/v2\/media\/190325"}],"wp:attachment":[{"href":"https:\/\/www.messinaoggi.it\/website\/wp-json\/wp\/v2\/media?parent=190324"}],"wp:term":[{"taxonomy":"category","embeddable":true,"href":"https:\/\/www.messinaoggi.it\/website\/wp-json\/wp\/v2\/categories?post=190324"},{"taxonomy":"post_tag","embeddable":true,"href":"https:\/\/www.messinaoggi.it\/website\/wp-json\/wp\/v2\/tags?post=190324"}],"curies":[{"name":"wp","href":"https:\/\/api.w.org\/{rel}","templated":true}]}}