{"id":19008,"date":"2018-05-07T08:32:02","date_gmt":"2018-05-07T06:32:02","guid":{"rendered":"http:\/\/www.messinaoggi.it\/website\/?p=19008"},"modified":"2018-05-07T08:32:02","modified_gmt":"2018-05-07T06:32:02","slug":"verso-il-voto-la-barrile-alla-lega-no-grazie","status":"publish","type":"post","link":"https:\/\/www.messinaoggi.it\/website\/2018\/05\/07\/verso-il-voto-la-barrile-alla-lega-no-grazie\/","title":{"rendered":"Verso il voto, la Barrile alla Lega: &quot;No grazie&quot;"},"content":{"rendered":"<p style=\"text-align: justify\">Emilia Barrile rifiuta l\u2019offerta e va avanti. La Lega aveva mandato un messaggio, parlando di terzo stato messinese, cio\u00e8 il popolo, da sostenere in contrapposizione ai primi due, vale a dire l\u2019aristocrazia imprenditoriale cittadina e \u00a0il mondo accademico. Dichiarazione parse ai pi\u00f9 come un invito lanciato ad unire le forze da parte Carmelo Lo Monte verso la presidente del Consiglio Comunale, che pi\u00f9 volte \u00e8 stata etichettata come la donna del popolo.<div id=\"div-gpt-ad-Messinaoggi.it-DSK-300x250-corpoart\" style=\"text-align:center;margin:0 auto;\"><\/div><\/p>\n<p style=\"text-align: justify\">La Barrile, attraverso il proprio profilo face book, sottolinea: \u201cDa parte mia un <a href=\"https:\/\/www.facebook.com\/hashtag\/no?source=feed_text\"><span>#<\/span>NO<\/a> coerente, logico e motivato alla proposta dell\u2019Onorevole Lo Monte. Coerente perch\u00e9 ho deciso di correre con la mia lista civica, Leali-Progetto per Messina, con un piano gi\u00e0 delineato. Qualsiasi scelta diversa non si sposerebbe con la logica: ai messinesi non interessano le insegne ma i fatti, la politica vera e concreta, quella che personalmente faccio ogni santo giorno da 15 anni a questa parte, tra la gente e per la gente. Ciascun candidato presenta &#8211; e rappresenta &#8211; una proposta alla citt\u00e0, ma per quanto mi riguarda resto aperta a chiunque voglia sostenere o condividere il mio programma per il rilancio di Messina\u201d.<div id=\"videoincontent\" style=\"clear:both\";><\/div><\/p>\n","protected":false},"excerpt":{"rendered":"<p>Emilia Barrile rifiuta l\u2019offerta e va avanti. La Lega aveva mandato un messaggio, parlando di terzo stato messinese, cio\u00e8 il popolo, da sostenere in contrapposizione ai primi due, vale a dire l\u2019aristocrazia imprenditoriale cittadina e \u00a0il mondo accademico. Dichiarazione parse ai pi\u00f9 come un invito lanciato ad unire le forze da parte Carmelo Lo Monte [&hellip;]<\/p>\n","protected":false},"author":15,"featured_media":17970,"comment_status":"closed","ping_status":"open","sticky":false,"template":"","format":"standard","meta":{"ub_ctt_via":"","_mi_skip_tracking":false},"categories":[6],"tags":[],"featured_image_src":"https:\/\/www.messinaoggi.it\/website\/wp-content\/uploads\/2018\/04\/emilia-barrile-comune-sindaco_9849-1.jpg","author_info":{"display_name":"red.me","author_link":"https:\/\/www.messinaoggi.it\/website\/author\/red-me\/"},"digistream_id":0,"digistream":false,"_links":{"self":[{"href":"https:\/\/www.messinaoggi.it\/website\/wp-json\/wp\/v2\/posts\/19008"}],"collection":[{"href":"https:\/\/www.messinaoggi.it\/website\/wp-json\/wp\/v2\/posts"}],"about":[{"href":"https:\/\/www.messinaoggi.it\/website\/wp-json\/wp\/v2\/types\/post"}],"author":[{"embeddable":true,"href":"https:\/\/www.messinaoggi.it\/website\/wp-json\/wp\/v2\/users\/15"}],"replies":[{"embeddable":true,"href":"https:\/\/www.messinaoggi.it\/website\/wp-json\/wp\/v2\/comments?post=19008"}],"version-history":[{"count":0,"href":"https:\/\/www.messinaoggi.it\/website\/wp-json\/wp\/v2\/posts\/19008\/revisions"}],"wp:featuredmedia":[{"embeddable":true,"href":"https:\/\/www.messinaoggi.it\/website\/wp-json\/wp\/v2\/media\/17970"}],"wp:attachment":[{"href":"https:\/\/www.messinaoggi.it\/website\/wp-json\/wp\/v2\/media?parent=19008"}],"wp:term":[{"taxonomy":"category","embeddable":true,"href":"https:\/\/www.messinaoggi.it\/website\/wp-json\/wp\/v2\/categories?post=19008"},{"taxonomy":"post_tag","embeddable":true,"href":"https:\/\/www.messinaoggi.it\/website\/wp-json\/wp\/v2\/tags?post=19008"}],"curies":[{"name":"wp","href":"https:\/\/api.w.org\/{rel}","templated":true}]}}