{"id":190048,"date":"2024-03-07T20:56:05","date_gmt":"2024-03-07T19:56:05","guid":{"rendered":"http:\/\/www.messinaoggi.it\/website\/?p=190048"},"modified":"2024-03-07T20:56:26","modified_gmt":"2024-03-07T19:56:26","slug":"galati-basta-attacchi-strumentali-e-violenza-contro-la-polizia","status":"publish","type":"post","link":"https:\/\/www.messinaoggi.it\/website\/2024\/03\/07\/galati-basta-attacchi-strumentali-e-violenza-contro-la-polizia\/","title":{"rendered":"Galati: &#8220;Basta attacchi strumentali e violenza contro la polizia&#8221;"},"content":{"rendered":"\n<p>&#8220;Dopo i fatti di Pisa e Firenze ed i vergognosi e strumentali attacchi nei confronti della Polizia di Stato, riteniamo necessario intervenire con fermezza per interrompere l\u2019escalation di incitazione allo scontro sociale ed all\u2019odio verso le istituzioni. Il nostro compito &#8211; rammenta Maurizio Galati, segretario generale della Uil Polizia di Messina &#8211; \u00e8 anche quello di garantire il diritto a manifestare nel rispetto delle regole e contestualmente vegliare sul mantenimento dell\u2019ordine e della sicurezza pubblica. L&#8217;unico \u201cfallimento\u201d di cui ci avvediamo &#8211; sottolinea il segretario Uil Polizia &#8211; \u00e8 quello di una societ\u00e0 incapace di imprimere i giusti valori alle nuove generazioni, di uno Stato che non tutela adeguatamente chi \u00e8 demandato a farne rispettare le leggi. L&#8217;assalto ad una Volante della polizia avvenuto Torino, finalizzato a liberare un extracomunitario, responsabile di reati aberranti, nonch\u00e9 gli insulti, gli atti di bullismo e di violenza patiti dai figli dei poliziotti sia a Firenze che a Pisa, sono la conseguenza drammatica e diretta del circo politico e della gogna mediatica artatamente messa in atto da chi, da sempre, milita nel partito dell&#8217;antipolizia. Inutile negare che alcuni media hanno immediatamente condannato, senza alcun contraddittorio, l&#8217;operato di chi era preposto a garantire la sicurezza pubblica a Pisa, diffondendo immagini parziali. Delegittimare la polizia e le forze dell\u2019ordine in genere, significa delegittimare e mettere in discussione le intere istituzioni democratiche. Adesso basta. Basta attacchi strumentali, basta polemiche, basta divisioni, basta violenze fisiche e verbali. Lanciamo un appello trasversale che coinvolge l\u2019intera classe politica. Per una volta tanto, il mondo politico scenda unita in piazza a manifestare contro ogni forma di violenza e discriminazione; per una volta tanto dimentichi la propria collocazione nella geografia politica; per una volta tanto dimentichi di essere di destra, di centro o di sinistra; per una volta tanto dimentichi le ideologie che dividono; per una volta tanto manifesti solidariet\u00e0 e vicinanza alle Forze dell\u2019Ordine. Questi uomini e queste donne vanno garantiti e sostenuti&#8230;. perch\u00e9 ci vuole \u201ccuore e coraggio\u201d ad indossare una divisa! Sono un bene prezioso per la tenuta della democrazia e dello stato di diritto&#8221;.<div id=\"div-gpt-ad-Messinaoggi.it-DSK-300x250-corpoart\" style=\"text-align:center;margin:0 auto;\"><\/div><\/p>\n<div id=\"videoincontent\" style=\"clear:both\";><\/div>","protected":false},"excerpt":{"rendered":"<p>&#8220;Dopo i fatti di Pisa e Firenze ed i vergognosi e strumentali attacchi nei confronti della Polizia di Stato, riteniamo necessario intervenire con fermezza per interrompere l\u2019escalation di incitazione allo scontro sociale ed all\u2019odio verso le istituzioni. Il nostro compito &#8211; rammenta Maurizio Galati, segretario generale della Uil Polizia di Messina &#8211; \u00e8 anche quello [&hellip;]<\/p>\n","protected":false},"author":4,"featured_media":190049,"comment_status":"open","ping_status":"open","sticky":false,"template":"","format":"standard","meta":{"ub_ctt_via":"","_mi_skip_tracking":false},"categories":[6],"tags":[5563,9387],"featured_image_src":"https:\/\/www.messinaoggi.it\/website\/wp-content\/uploads\/2024\/03\/MAURIZIO-GALATI-1.jpeg","author_info":{"display_name":"redme","author_link":"https:\/\/www.messinaoggi.it\/website\/author\/redme\/"},"digistream_id":0,"digistream":false,"_links":{"self":[{"href":"https:\/\/www.messinaoggi.it\/website\/wp-json\/wp\/v2\/posts\/190048"}],"collection":[{"href":"https:\/\/www.messinaoggi.it\/website\/wp-json\/wp\/v2\/posts"}],"about":[{"href":"https:\/\/www.messinaoggi.it\/website\/wp-json\/wp\/v2\/types\/post"}],"author":[{"embeddable":true,"href":"https:\/\/www.messinaoggi.it\/website\/wp-json\/wp\/v2\/users\/4"}],"replies":[{"embeddable":true,"href":"https:\/\/www.messinaoggi.it\/website\/wp-json\/wp\/v2\/comments?post=190048"}],"version-history":[{"count":1,"href":"https:\/\/www.messinaoggi.it\/website\/wp-json\/wp\/v2\/posts\/190048\/revisions"}],"predecessor-version":[{"id":190050,"href":"https:\/\/www.messinaoggi.it\/website\/wp-json\/wp\/v2\/posts\/190048\/revisions\/190050"}],"wp:featuredmedia":[{"embeddable":true,"href":"https:\/\/www.messinaoggi.it\/website\/wp-json\/wp\/v2\/media\/190049"}],"wp:attachment":[{"href":"https:\/\/www.messinaoggi.it\/website\/wp-json\/wp\/v2\/media?parent=190048"}],"wp:term":[{"taxonomy":"category","embeddable":true,"href":"https:\/\/www.messinaoggi.it\/website\/wp-json\/wp\/v2\/categories?post=190048"},{"taxonomy":"post_tag","embeddable":true,"href":"https:\/\/www.messinaoggi.it\/website\/wp-json\/wp\/v2\/tags?post=190048"}],"curies":[{"name":"wp","href":"https:\/\/api.w.org\/{rel}","templated":true}]}}