{"id":190033,"date":"2024-03-07T18:52:35","date_gmt":"2024-03-07T17:52:35","guid":{"rendered":"http:\/\/www.messinaoggi.it\/website\/?p=190033"},"modified":"2024-03-07T18:52:38","modified_gmt":"2024-03-07T17:52:38","slug":"prefettura-maggiori-controlli-sulla-strade-cittadine","status":"publish","type":"post","link":"https:\/\/www.messinaoggi.it\/website\/2024\/03\/07\/prefettura-maggiori-controlli-sulla-strade-cittadine\/","title":{"rendered":"Prefettura, maggiori controlli sulla strade cittadine"},"content":{"rendered":"\n<p>Stretta sui controlli delle forze dell&#8217;Ordine. Lo rende noto la Prefettura di Messina, attraverso un comunicato stampa. <div id=\"div-gpt-ad-Messinaoggi.it-DSK-300x250-corpoart\" style=\"text-align:center;margin:0 auto;\"><\/div><\/p>\n\n\n\n<p>In seguito alle riunioni svoltesi presso il Palazzo del Governo di Messina in seno al Comitato Provinciale per l\u2019Ordine e la Sicurezza Pubblica, presiedute\u00a0 dal Prefetto, sono state condivise e definite insieme al Questore, al Comandante Provinciale dell\u2019Arma dei Carabinieri, al Comandante Provinciale della Guardia di Finanza ed al Comandante del Raggruppamento 5 Sicilia dell\u2019Esercito, le modalit\u00e0 operative concernenti l\u2019impiego dell\u2019aliquota di militari gi\u00e0 presenti in questo Capoluogo, nell\u2019ambito dell\u2019operazione \u201cStrade Sicure\u201d, da ultimo prorogata fino al 31 dicembre 2024 e rafforzata di ulteriori unit\u00e0 di personale, assegnate a Messina dal 26 febbraio ultimo scorso.<div id=\"videoincontent\" style=\"clear:both\";><\/div><\/p>\n\n\n\n<p>In particolare, le 20 unit\u00e0 di personale aggiuntivo appartenente alle Forze Armate verranno impiegate in servizi di vigilanza presso siti sensibili ed in particolare nelle aree cittadine di piazza Duomo, piazza Cairoli e della villa Quasimodo, nei dintorni della stazione ferroviaria, in quanto luoghi di maggiore aggregazione di persone ovvero pi\u00f9 interessati dalla movida giovanile.<\/p>\n\n\n\n<p>Nel corso della riunione \u00e8 stato infatti stabilito che, nell\u2019ambito del piano di controllo del territorio, saranno effettuate operazioni di vigilanza, eseguite principalmente in modalit\u00e0 dinamica; ci\u00f2 al fine di consentire un importante compito di monitoraggio, nell\u2019ambito delle misure finalizzate a migliorare la <em>governance<\/em> della sicurezza urbana.<\/p>\n\n\n\n<p>Il Prefetto, Cosima Di Stani, ha espresso particolare soddisfazione, evidenziando come l\u2019incremento del personale militare consentir\u00e0 peraltro di implementare la funzione di deterrenza e prevenzione, innalzando i livelli di vivibilit\u00e0 e sicurezza urbana in favore dei cittadini, nonch\u00e9 costituir\u00e0 al contempo, per le Forze dell\u2019Ordine, un concreto e valido ausilio a supporto delle attivit\u00e0 di competenza.<\/p>\n","protected":false},"excerpt":{"rendered":"<p>Stretta sui controlli delle forze dell&#8217;Ordine. Lo rende noto la Prefettura di Messina, attraverso un comunicato stampa. In seguito alle riunioni svoltesi presso il Palazzo del Governo di Messina in seno al Comitato Provinciale per l\u2019Ordine e la Sicurezza Pubblica, presiedute\u00a0 dal Prefetto, sono state condivise e definite insieme al Questore, al Comandante Provinciale dell\u2019Arma [&hellip;]<\/p>\n","protected":false},"author":2,"featured_media":58417,"comment_status":"open","ping_status":"open","sticky":false,"template":"","format":"standard","meta":{"ub_ctt_via":"","_mi_skip_tracking":false},"categories":[19],"tags":[9681,9680,3618],"featured_image_src":"https:\/\/www.messinaoggi.it\/website\/wp-content\/uploads\/2021\/04\/37C6501E-A634-43D7-AC4F-7196B62CC379.jpeg","author_info":{"display_name":"Redazione","author_link":"https:\/\/www.messinaoggi.it\/website\/author\/redazione\/"},"digistream_id":0,"digistream":false,"_links":{"self":[{"href":"https:\/\/www.messinaoggi.it\/website\/wp-json\/wp\/v2\/posts\/190033"}],"collection":[{"href":"https:\/\/www.messinaoggi.it\/website\/wp-json\/wp\/v2\/posts"}],"about":[{"href":"https:\/\/www.messinaoggi.it\/website\/wp-json\/wp\/v2\/types\/post"}],"author":[{"embeddable":true,"href":"https:\/\/www.messinaoggi.it\/website\/wp-json\/wp\/v2\/users\/2"}],"replies":[{"embeddable":true,"href":"https:\/\/www.messinaoggi.it\/website\/wp-json\/wp\/v2\/comments?post=190033"}],"version-history":[{"count":1,"href":"https:\/\/www.messinaoggi.it\/website\/wp-json\/wp\/v2\/posts\/190033\/revisions"}],"predecessor-version":[{"id":190034,"href":"https:\/\/www.messinaoggi.it\/website\/wp-json\/wp\/v2\/posts\/190033\/revisions\/190034"}],"wp:featuredmedia":[{"embeddable":true,"href":"https:\/\/www.messinaoggi.it\/website\/wp-json\/wp\/v2\/media\/58417"}],"wp:attachment":[{"href":"https:\/\/www.messinaoggi.it\/website\/wp-json\/wp\/v2\/media?parent=190033"}],"wp:term":[{"taxonomy":"category","embeddable":true,"href":"https:\/\/www.messinaoggi.it\/website\/wp-json\/wp\/v2\/categories?post=190033"},{"taxonomy":"post_tag","embeddable":true,"href":"https:\/\/www.messinaoggi.it\/website\/wp-json\/wp\/v2\/tags?post=190033"}],"curies":[{"name":"wp","href":"https:\/\/api.w.org\/{rel}","templated":true}]}}