{"id":189965,"date":"2024-03-07T10:49:37","date_gmt":"2024-03-07T09:49:37","guid":{"rendered":"http:\/\/www.messinaoggi.it\/website\/?p=189965"},"modified":"2024-03-07T10:49:38","modified_gmt":"2024-03-07T09:49:38","slug":"lipari-gullo-rassegna-le-dimissioni-da-sindaco","status":"publish","type":"post","link":"https:\/\/www.messinaoggi.it\/website\/2024\/03\/07\/lipari-gullo-rassegna-le-dimissioni-da-sindaco\/","title":{"rendered":"Lipari, Gullo rassegna le dimissioni da sindaco"},"content":{"rendered":"\n<p>Si \u00e8 dimesso il sindaco di Lipari Riccardo Gullo. Le dimissioni sono state protocollate al rientro di Gullo a Lipari dopo la conclusione di alcune missioni istituzionali tra Roma e Palermo.<div id=\"div-gpt-ad-Messinaoggi.it-DSK-300x250-corpoart\" style=\"text-align:center;margin:0 auto;\"><\/div><\/p>\n\n\n\n<p>Alla base delle dimissioni vi \u00e8 la consapevolezza che non vi sono pi\u00f9 le condizioni per amministrare la citt\u00e0 con la sua maggioranza in Consiglio comunale. <div id=\"videoincontent\" style=\"clear:both\";><\/div><\/p>\n\n\n\n<p>In ogni caso, le dimissioni non sono definitive, in quanto possono essere ritirate entro venti giorni dall&#8217;avvenuta protocollazione. Decorso questo periodo, a decadere non sar\u00e0 il solo primo cittadino ma anche il Consiglio comunale di Lipari.<\/p>\n","protected":false},"excerpt":{"rendered":"<p>Si \u00e8 dimesso il sindaco di Lipari Riccardo Gullo. Le dimissioni sono state protocollate al rientro di Gullo a Lipari dopo la conclusione di alcune missioni istituzionali tra Roma e Palermo. Alla base delle dimissioni vi \u00e8 la consapevolezza che non vi sono pi\u00f9 le condizioni per amministrare la citt\u00e0 con la sua maggioranza in [&hellip;]<\/p>\n","protected":false},"author":8,"featured_media":189966,"comment_status":"open","ping_status":"open","sticky":false,"template":"","format":"standard","meta":{"ub_ctt_via":"","_mi_skip_tracking":false},"categories":[13,14],"tags":[611,49],"featured_image_src":"https:\/\/www.messinaoggi.it\/website\/wp-content\/uploads\/2024\/03\/riccardo-gullo.jpg","author_info":{"display_name":"red..me","author_link":"https:\/\/www.messinaoggi.it\/website\/author\/redstage\/"},"digistream_id":0,"digistream":false,"_links":{"self":[{"href":"https:\/\/www.messinaoggi.it\/website\/wp-json\/wp\/v2\/posts\/189965"}],"collection":[{"href":"https:\/\/www.messinaoggi.it\/website\/wp-json\/wp\/v2\/posts"}],"about":[{"href":"https:\/\/www.messinaoggi.it\/website\/wp-json\/wp\/v2\/types\/post"}],"author":[{"embeddable":true,"href":"https:\/\/www.messinaoggi.it\/website\/wp-json\/wp\/v2\/users\/8"}],"replies":[{"embeddable":true,"href":"https:\/\/www.messinaoggi.it\/website\/wp-json\/wp\/v2\/comments?post=189965"}],"version-history":[{"count":1,"href":"https:\/\/www.messinaoggi.it\/website\/wp-json\/wp\/v2\/posts\/189965\/revisions"}],"predecessor-version":[{"id":189967,"href":"https:\/\/www.messinaoggi.it\/website\/wp-json\/wp\/v2\/posts\/189965\/revisions\/189967"}],"wp:featuredmedia":[{"embeddable":true,"href":"https:\/\/www.messinaoggi.it\/website\/wp-json\/wp\/v2\/media\/189966"}],"wp:attachment":[{"href":"https:\/\/www.messinaoggi.it\/website\/wp-json\/wp\/v2\/media?parent=189965"}],"wp:term":[{"taxonomy":"category","embeddable":true,"href":"https:\/\/www.messinaoggi.it\/website\/wp-json\/wp\/v2\/categories?post=189965"},{"taxonomy":"post_tag","embeddable":true,"href":"https:\/\/www.messinaoggi.it\/website\/wp-json\/wp\/v2\/tags?post=189965"}],"curies":[{"name":"wp","href":"https:\/\/api.w.org\/{rel}","templated":true}]}}