{"id":189779,"date":"2024-03-05T17:08:05","date_gmt":"2024-03-05T16:08:05","guid":{"rendered":"https:\/\/www.messinaoggi.it\/website\/2024\/03\/05\/dal-senato-ok-alle-missioni-tajani-in-mar-rosso-operazione-difensiva\/"},"modified":"2024-03-05T17:08:05","modified_gmt":"2024-03-05T16:08:05","slug":"dal-senato-ok-alle-missioni-tajani-in-mar-rosso-operazione-difensiva","status":"publish","type":"post","link":"https:\/\/www.messinaoggi.it\/website\/2024\/03\/05\/dal-senato-ok-alle-missioni-tajani-in-mar-rosso-operazione-difensiva\/","title":{"rendered":"Dal Senato ok alle missioni, Tajani \u201cIn Mar Rosso operazione difensiva\u201d"},"content":{"rendered":"<div>ROMA (ITALPRESS) &#8211; A conclusione delle comunicazioni rese in Aula dal Governo sulle missioni e gli impegni operativi internazionali da avviare nel 2024, il Senato ha approvato le proposte di risoluzione sulle tre missioni internazionali, cio\u00e8 quella Levante sul conflitto Hamas-Israele, Eunavfor Aspides per la sicurezza nel Mar Rosso e Euam Ukraine.<br \/>&#8220;La missione Aspides avr\u00e0 compiti soltanto di natura difensiva. Non potr\u00e0, cio\u00e8, intraprendere azioni di tipo preventivo&#8221;, ha ribadito il vicepremier e ministro degli Esteri Antonio Tajani, nell&#8217;Aula della Camera, nel dibattito sulla relazione delle Commissioni Affari esteri e Difesa sulla deliberazione del Consiglio dei ministri in merito alla partecipazione dell&#8217;Italia alle missioni internazionali.<br \/>&#8220;Difensiva non significa semplice accompagnamento, significa possibilit\u00e0 di reagire in maniera militare, cos\u00ec come \u00e8 successo in occasione dell&#8217;attacco del drone al cacciatorpediniere Caio Duilio &#8211; ha aggiunto -. Questo \u00e8 il modus operandi, queste sono le regole d&#8217;ingaggio. Quindi, i compiti esecutivi sono di autodifesa estesa, cio\u00e8 di neutralizzazione di attacchi che abbiano come bersaglio diretto navi mercantili scortate, e di contrasto ad eventuali tentativi di sequestro delle imbarcazioni&#8221;.<div id=\"div-gpt-ad-Messinaoggi.it-DSK-300x250-corpoart\" style=\"text-align:center;margin:0 auto;\"><\/div><\/p>\n<p>&#8211; Foto: Agenzia Fotogramma &#8211;<div id=\"videoincontent\" style=\"clear:both\";><\/div><\/p>\n<p>(ITALPRESS).<\/p><\/div>\n","protected":false},"excerpt":{"rendered":"<p>ROMA (ITALPRESS) &#8211; A conclusione delle comunicazioni rese in Aula dal Governo sulle missioni e gli impegni operativi internazionali da avviare nel 2024, il Senato ha approvato le proposte di risoluzione sulle tre missioni internazionali, cio\u00e8 quella Levante sul conflitto Hamas-Israele, Eunavfor Aspides per la sicurezza nel Mar Rosso e Euam Ukraine.&#8220;La missione Aspides avr\u00e0 [&hellip;]<\/p>\n","protected":false},"author":18,"featured_media":189780,"comment_status":"closed","ping_status":"closed","sticky":false,"template":"","format":"standard","meta":{"ub_ctt_via":"","_mi_skip_tracking":false},"categories":[446],"tags":[783],"featured_image_src":"https:\/\/www.messinaoggi.it\/website\/wp-content\/uploads\/2024\/03\/20240305_1567.jpg","author_info":{"display_name":"Admin","author_link":"https:\/\/www.messinaoggi.it\/website\/author\/admin\/"},"digistream_id":0,"digistream":false,"_links":{"self":[{"href":"https:\/\/www.messinaoggi.it\/website\/wp-json\/wp\/v2\/posts\/189779"}],"collection":[{"href":"https:\/\/www.messinaoggi.it\/website\/wp-json\/wp\/v2\/posts"}],"about":[{"href":"https:\/\/www.messinaoggi.it\/website\/wp-json\/wp\/v2\/types\/post"}],"author":[{"embeddable":true,"href":"https:\/\/www.messinaoggi.it\/website\/wp-json\/wp\/v2\/users\/18"}],"replies":[{"embeddable":true,"href":"https:\/\/www.messinaoggi.it\/website\/wp-json\/wp\/v2\/comments?post=189779"}],"version-history":[{"count":0,"href":"https:\/\/www.messinaoggi.it\/website\/wp-json\/wp\/v2\/posts\/189779\/revisions"}],"wp:featuredmedia":[{"embeddable":true,"href":"https:\/\/www.messinaoggi.it\/website\/wp-json\/wp\/v2\/media\/189780"}],"wp:attachment":[{"href":"https:\/\/www.messinaoggi.it\/website\/wp-json\/wp\/v2\/media?parent=189779"}],"wp:term":[{"taxonomy":"category","embeddable":true,"href":"https:\/\/www.messinaoggi.it\/website\/wp-json\/wp\/v2\/categories?post=189779"},{"taxonomy":"post_tag","embeddable":true,"href":"https:\/\/www.messinaoggi.it\/website\/wp-json\/wp\/v2\/tags?post=189779"}],"curies":[{"name":"wp","href":"https:\/\/api.w.org\/{rel}","templated":true}]}}