{"id":189775,"date":"2024-03-05T17:08:02","date_gmt":"2024-03-05T16:08:02","guid":{"rendered":"https:\/\/www.messinaoggi.it\/website\/2024\/03\/05\/ciocca-bce-sbaglia-alzare-i-tassi-ha-strozzato-leconomia\/"},"modified":"2024-03-05T17:08:02","modified_gmt":"2024-03-05T16:08:02","slug":"ciocca-bce-sbaglia-alzare-i-tassi-ha-strozzato-leconomia","status":"publish","type":"post","link":"https:\/\/www.messinaoggi.it\/website\/2024\/03\/05\/ciocca-bce-sbaglia-alzare-i-tassi-ha-strozzato-leconomia\/","title":{"rendered":"Ciocca \u201cBce sbaglia, alzare i tassi ha strozzato l\u2019economia\u201d"},"content":{"rendered":"<div>MILANO (ITALPRESS) &#8211; &#8220;Non dobbiamo perdere di vista che il 40% dell&#8217;inquinamento mondiale \u00e8 fatto da Cina e India. Se continui a mettere nello zaino dei cittadini europei mattoni ambientali ma quei mattoni non li porti anche nell&#8217;altra parte del mondo che realmente inquina, crei una concorrenza sleale. Cos\u00ec si avvantaggia lo spostamento di produzioni dall&#8217;Europa alla Cina e all&#8217;India. Per abbassare l&#8217;inquinamento dobbiamo riportare le produzioni in Europa&#8221;. Lo ha detto Angelo Ciocca, europarlamentare della Lega, intervistato da Claudio Brachino per la rubrica &#8220;Primo Piano&#8221; dell&#8217;agenzia Italpress.<br \/>\nRecentemente, per protesta, Ciocca ha tirato fuori un cappio davanti alla presidente della Bce, Christine Lagarde. &#8220;Il cappio &#8211; ha affermato &#8211; \u00e8 la cosa pi\u00f9 semplice per spiegare l&#8217;effetto di queste politiche monetarie nei confronti di cittadini, famiglie e imprese. L&#8217;aumento dei tassi d&#8217;interesse sta strozzando le famiglie e l&#8217;economia, come il cappio che ho mostrato alla presidente della Bce. Sono sbagliate perch\u00e8 ci hanno raccontato che l&#8217;aumento dei tassi d&#8217;interesse serviva per calmierare l&#8217;inflazione. Gli aumenti di tassi d&#8217;interesse &#8211; ha continuato &#8211; agiscono solo sulla domanda ma l&#8217;aumento dell&#8217;inflazione non \u00e8 dettato dalla domanda. Cosa fa oggi alzare il valore di un prodotto? La carenza di forniture. Sono le politiche europee che in questi anni hanno ridotto le forniture. Se con una domanda in riduzione agisci sul costo del denaro, come ha fatto la Bce, strozzi la gente&#8221;.<br \/>\nIn conseguenza della protesta, Lagarde &#8220;ha chiesto un provvedimento disciplinare alla presidente del Parlamento europeo nei miei confronti&#8221;, ha detto Ciocca. &#8220;Anche se mi dovessero multare o sospendere &#8211; ha poi aggiunto -, lo rifarei. Ho rappresentato un malessere di molti cittadini che non riescono a pagare il mutuo&#8221;.<br \/>\n&#8220;Una campagna anti-Lagarde? Noi &#8211; ha evidenziato &#8211; siamo anti-status quo. Questi personaggi devono assolutamente essere sostituiti. I cittadini stanno bene o male? La nostra agricoltura sta bene o male? Le nostre imprese stanno bene o male? Purtroppo stanno male. L&#8217;unico modo per ottenere un risultato diverso \u00e8 cambiare gli attori protagonisti della prossima Europa&#8221;.<br \/>\nL&#8217;europarlamentare ha anche regalato una piccola riproduzione di un trattore alla presidente della Commissione europea, Ursula von der Leyen. &#8220;Durante uno dei presidi di protesta degli agricoltori &#8211; ha raccontato &#8211; ho ricevuto in dono il trattore. Von der Leyen \u00e8 venuta a parlare al Parlamento europeo e durante il suo discorso ha tenuto pi\u00f9 volte a lanciare messaggi nei confronti dell&#8217;agricoltura dicendo che in questi cinque anni la sua Commissione avrebbe totalmente sbagliato le politiche agricole. A 90 giorni dal voto non \u00e8 credibile. E&#8217; possibile che uno sbaglia per 5 anni e poi se ne accorge quando deve andare dai cittadini a chiedere il voto? Da parte di von der Leyen ho visto l&#8217;obbligo di prendere questo trattore, perch\u00e8 non poteva respingerlo, ma subito dopo con fastidio se ne \u00e8 sbarazzata&#8221;.<br \/>\nPer quanto riguarda il Mar Rosso, l&#8217;Italia \u00e8 impegnata nella missione europea Aspides. &#8220;L&#8217;operazione per ripristinare la tranquillit\u00e0 nell&#8217;area \u00e8 fondamentale&#8221;, ha affermato l&#8217;eurodeputato. &#8220;Da l\u00ec &#8211; ha proseguito &#8211; transita il 17% del traffico navale mondiale e 6 miliardi di esportazioni italiane. L&#8217;Italia fa bene a essere protagonista&#8221;.<br \/>\n&#8220;Sul tema dell&#8217;esercito europeo &#8211; ha aggiunto &#8211; non sono contrario ma mai darei le chiavi di casa a un ladro. Vorrei un&#8217;Europa alleata ma ogni volta che vado a Bruxelles e Strasburgo devo cantare vittoria se riesco a evitare un provvedimento che danneggia i cittadini. Prima &#8211; ha spiegato &#8211; dobbiamo fare in modo che ci sia una rivoluzione europea. Sono convinto che alle elezioni di giugno si passer\u00e0 da un voto che \u00e8 sempre stato posizionato a sinistra, con un becero ambientalismo, a un voto di centrodestra, nei 27 paesi. Quando avremo un&#8217;Europa amica e alleata dei nostri interessi, \u00e8 chiaro che se metteremo assieme le forze di tutti i paesi e le risorse messe singolarmente nell&#8217;azione militare otterremo un risultato maggiore&#8221;.<br \/>\nCiocca guarda alle elezioni europee di giugno. &#8220;Il partito ha gi\u00e0 espresso questo indirizzo: gli uscenti sono ricandidati&#8221;, ha detto in riferimento alla Lega. &#8220;Come deve cambiare l&#8217;Europa? In questo momento \u00e8 importante avere un&#8217;azione di ascolto. Non bisogna dire come cambier\u00e0 &#8211; ha affermato &#8211; ma avere la capacit\u00e0 di ascoltare cittadini, imprese e portatori di interesse&#8221;.<br \/>\nPer quanto riguarda le forze che compongono la maggioranza al governo in Italia, per Ciocca, &#8220;Forza Italia in questo momento deve dire che sta con von der Leyen perch\u00e8 fisicamente al Parlamento europeo sta con questa maggioranza. Fratelli d&#8217;Italia &#8211; ha continuato &#8211; con Meloni che \u00e8 presidente del Consiglio in Italia non pu\u00f2 fare altro che cercare di non litigare con l&#8217;attuale presidente della Commissione. L&#8217;unica forza di maggioranza realmente libera che pu\u00f2 proporre un progetto alternativo &#8211; ha aggiunto &#8211; \u00e8 la Lega. La Lega ha questa grande responsabilit\u00e0: chiedere il consenso degli elettori per poter essere in condizioni di mettere sul tavolo un progetto con figure diverse dalle attuali sul quale chiedere il voto del centrodestra europeo. Sono certo che la Lega sar\u00e0 in grado di mettere sul tavolo un progetto alternativo a von der Leyen sul quale &#8211; ha concluso &#8211; anche Forza Italia e Fratelli d&#8217;Italia convergeranno&#8221;.<div id=\"div-gpt-ad-Messinaoggi.it-DSK-300x250-corpoart\" style=\"text-align:center;margin:0 auto;\"><\/div><\/p>\n<p>&#8211; Foto Italpress &#8211;<div id=\"videoincontent\" style=\"clear:both\";><\/div><\/p>\n<p>(ITALPRESS).<\/p><\/div>\n","protected":false},"excerpt":{"rendered":"<p>MILANO (ITALPRESS) &#8211; &#8220;Non dobbiamo perdere di vista che il 40% dell&#8217;inquinamento mondiale \u00e8 fatto da Cina e India. Se continui a mettere nello zaino dei cittadini europei mattoni ambientali ma quei mattoni non li porti anche nell&#8217;altra parte del mondo che realmente inquina, crei una concorrenza sleale. Cos\u00ec si avvantaggia lo spostamento di produzioni [&hellip;]<\/p>\n","protected":false},"author":18,"featured_media":189776,"comment_status":"closed","ping_status":"closed","sticky":false,"template":"","format":"standard","meta":{"ub_ctt_via":"","_mi_skip_tracking":false},"categories":[446],"tags":[783],"featured_image_src":"https:\/\/www.messinaoggi.it\/website\/wp-content\/uploads\/2024\/03\/20240305_1397.jpg","author_info":{"display_name":"Admin","author_link":"https:\/\/www.messinaoggi.it\/website\/author\/admin\/"},"digistream_id":0,"digistream":false,"_links":{"self":[{"href":"https:\/\/www.messinaoggi.it\/website\/wp-json\/wp\/v2\/posts\/189775"}],"collection":[{"href":"https:\/\/www.messinaoggi.it\/website\/wp-json\/wp\/v2\/posts"}],"about":[{"href":"https:\/\/www.messinaoggi.it\/website\/wp-json\/wp\/v2\/types\/post"}],"author":[{"embeddable":true,"href":"https:\/\/www.messinaoggi.it\/website\/wp-json\/wp\/v2\/users\/18"}],"replies":[{"embeddable":true,"href":"https:\/\/www.messinaoggi.it\/website\/wp-json\/wp\/v2\/comments?post=189775"}],"version-history":[{"count":0,"href":"https:\/\/www.messinaoggi.it\/website\/wp-json\/wp\/v2\/posts\/189775\/revisions"}],"wp:featuredmedia":[{"embeddable":true,"href":"https:\/\/www.messinaoggi.it\/website\/wp-json\/wp\/v2\/media\/189776"}],"wp:attachment":[{"href":"https:\/\/www.messinaoggi.it\/website\/wp-json\/wp\/v2\/media?parent=189775"}],"wp:term":[{"taxonomy":"category","embeddable":true,"href":"https:\/\/www.messinaoggi.it\/website\/wp-json\/wp\/v2\/categories?post=189775"},{"taxonomy":"post_tag","embeddable":true,"href":"https:\/\/www.messinaoggi.it\/website\/wp-json\/wp\/v2\/tags?post=189775"}],"curies":[{"name":"wp","href":"https:\/\/api.w.org\/{rel}","templated":true}]}}