{"id":189771,"date":"2024-03-05T17:08:00","date_gmt":"2024-03-05T16:08:00","guid":{"rendered":"https:\/\/www.messinaoggi.it\/website\/2024\/03\/05\/roccella-pari-opportunita-e-liberta-donne-tema-centrale-per-governo\/"},"modified":"2024-03-05T17:08:00","modified_gmt":"2024-03-05T16:08:00","slug":"roccella-pari-opportunita-e-liberta-donne-tema-centrale-per-governo","status":"publish","type":"post","link":"https:\/\/www.messinaoggi.it\/website\/2024\/03\/05\/roccella-pari-opportunita-e-liberta-donne-tema-centrale-per-governo\/","title":{"rendered":"Roccella \u201cPari opportunit\u00e0 e libert\u00e0 donne tema centrale per Governo\u201d"},"content":{"rendered":"<div>ROMA (ITALPRESS) &#8211; &#8220;Credo che abbiamo fatto per le donne in un anno e mezzo pi\u00f9 di quello che \u00e8 stato fatto altre volte in tanto pi\u00f9 tempo. E&#8217; soltanto un inizio. Il governo sicuramente ha il tema delle pari opportunit\u00e0 e della libert\u00e0 delle donne come centrale. Le battaglie delle donne hanno cittadinanza piena della destra perch\u00e8 sono battaglie di libert\u00e0. Tutte le statistiche ci dicono che le donne desiderano ancora due figli e non li fanno, quindi c&#8217;\u00e8 un problema di mancanza di libert\u00e0 nella realizzazione dei propri desideri. Cos\u00ec come sul piano lavorativo, sul piano della libert\u00e0 di uscire per strada con sicurezza o della libert\u00e0 di non essere all&#8217;interno dei rapporti familiari e affettivi prevaricate, picchiate e uccise. La destra ha pi\u00f9 capacit\u00e0 di affrontare queste battaglie di libert\u00e0&#8221;. Cos\u00ec la ministra per la Famiglia, Eugenia Roccella, in conferenza stampa.<br \/>Rispetto alla legge contro la violenza sulle donne, Roccella ha spiegato che &#8220;abbiamo agito non tanto sulla repressione. Alcuni elementi della legge sono repressivi ma in chiave preventiva. Vogliamo evitare che le situazioni di violenza si aggravino fino a diventare mortali. Abbiamo cercato di intervenire all&#8217;inizio per spezzare il circolo della violenza e lo abbiamo fatto dando tempi certi. Siamo intervenuti per cercare anche cos\u00ec di sensibilizzare, perch\u00e8 fare una legge vuol dire anche creare un clima culturale, sollecitando una risposta da parte dell&#8217;opinione pubblica e di tutti quelli che operano nel settore. E&#8217; una legge che penso e spero che possa salvare delle vite&#8221;, ha concluso.<br \/>(ITALPRESS).<br \/>&#8211; Foto: Agenzia Fotogramma &#8211;<\/div>\n<div id=\"div-gpt-ad-Messinaoggi.it-DSK-300x250-corpoart\" style=\"text-align:center;margin:0 auto;\"><\/div><\/p><div id=\"videoincontent\" style=\"clear:both\";><\/div>","protected":false},"excerpt":{"rendered":"<p>ROMA (ITALPRESS) &#8211; &#8220;Credo che abbiamo fatto per le donne in un anno e mezzo pi\u00f9 di quello che \u00e8 stato fatto altre volte in tanto pi\u00f9 tempo. E&#8217; soltanto un inizio. Il governo sicuramente ha il tema delle pari opportunit\u00e0 e della libert\u00e0 delle donne come centrale. Le battaglie delle donne hanno cittadinanza piena [&hellip;]<\/p>\n","protected":false},"author":18,"featured_media":189772,"comment_status":"closed","ping_status":"closed","sticky":false,"template":"","format":"standard","meta":{"ub_ctt_via":"","_mi_skip_tracking":false},"categories":[446],"tags":[783],"featured_image_src":"https:\/\/www.messinaoggi.it\/website\/wp-content\/uploads\/2024\/03\/20240305_1363.jpg","author_info":{"display_name":"Admin","author_link":"https:\/\/www.messinaoggi.it\/website\/author\/admin\/"},"digistream_id":0,"digistream":false,"_links":{"self":[{"href":"https:\/\/www.messinaoggi.it\/website\/wp-json\/wp\/v2\/posts\/189771"}],"collection":[{"href":"https:\/\/www.messinaoggi.it\/website\/wp-json\/wp\/v2\/posts"}],"about":[{"href":"https:\/\/www.messinaoggi.it\/website\/wp-json\/wp\/v2\/types\/post"}],"author":[{"embeddable":true,"href":"https:\/\/www.messinaoggi.it\/website\/wp-json\/wp\/v2\/users\/18"}],"replies":[{"embeddable":true,"href":"https:\/\/www.messinaoggi.it\/website\/wp-json\/wp\/v2\/comments?post=189771"}],"version-history":[{"count":0,"href":"https:\/\/www.messinaoggi.it\/website\/wp-json\/wp\/v2\/posts\/189771\/revisions"}],"wp:featuredmedia":[{"embeddable":true,"href":"https:\/\/www.messinaoggi.it\/website\/wp-json\/wp\/v2\/media\/189772"}],"wp:attachment":[{"href":"https:\/\/www.messinaoggi.it\/website\/wp-json\/wp\/v2\/media?parent=189771"}],"wp:term":[{"taxonomy":"category","embeddable":true,"href":"https:\/\/www.messinaoggi.it\/website\/wp-json\/wp\/v2\/categories?post=189771"},{"taxonomy":"post_tag","embeddable":true,"href":"https:\/\/www.messinaoggi.it\/website\/wp-json\/wp\/v2\/tags?post=189771"}],"curies":[{"name":"wp","href":"https:\/\/api.w.org\/{rel}","templated":true}]}}