{"id":189700,"date":"2024-03-05T09:54:22","date_gmt":"2024-03-05T08:54:22","guid":{"rendered":"http:\/\/www.messinaoggi.it\/website\/?p=189700"},"modified":"2024-03-05T09:54:23","modified_gmt":"2024-03-05T08:54:23","slug":"bullismo-si-riunisce-il-gruppo-di-lavoro-in-prefettura","status":"publish","type":"post","link":"https:\/\/www.messinaoggi.it\/website\/2024\/03\/05\/bullismo-si-riunisce-il-gruppo-di-lavoro-in-prefettura\/","title":{"rendered":"Bullismo, si riunisce il gruppo di lavoro in Prefettura"},"content":{"rendered":"\n<p>Fare il punto della situazione sull&#8217;attuazione del protocollo d&#8217;intesa volto a promuovere la prevenzione e il contrasto dei fenomeni di bullismo, cybrerbullismo e devianze giovanili, siglato nel giugno 2022. Nella riunione, presieduta dal prefetto Cosima Di Stani, sono stati richiamati alcuni recenti episodi di cronaca che hanno destato particolare allarme sociale, poich\u00e9 coinvolgenti minorenni, protagonisti di fatti criminosi di particolare gravit\u00e0. Il prefetto ha evidenziato come tali episodi siano il sintomo di un crescente disagio giovanile, oltre che di situazioni sociali marginali, nelle quali dilaga il fenomeno del bullismo e del cyberbullismo, oggi peraltro agevolato dalla tecnologia e dalla presenza dei social network.<div id=\"div-gpt-ad-Messinaoggi.it-DSK-300x250-corpoart\" style=\"text-align:center;margin:0 auto;\"><\/div><\/p>\n\n\n\n<p>La rettrice dell\u2019Universit\u00e0 di Messina Giovanna Spatari, intervenuta alla riunione, ha richiamato l\u2019attenzione sulla delicatezza del tema e sul correlato ruolo delle istituzioni e della formazione, in particolare, del personale medico, chiamato ad intercettare i segnali di eventuali atti di bullismo nell\u2019ambito di contesti di degrado sociale e familiare. Sono stati richiamati, altres\u00ec, i numeri gi\u00e0 illustrati in occasione dell\u2019inaugurazione dell\u2019anno giudiziario, con riferimento alla situazione della giustizia minorile e che hanno destato particolare preoccupazione, con riguardo alla tipologia ed alla gravit\u00e0 dei fatti criminosi rilevati, i quali mettono in luce un contesto di degrado minorile e, ancora pi\u00f9 grave, permeabile ad infiltrazioni della criminalit\u00e0, anche organizzata. In tale contesto, \u00e8 emersa la rilevanza della sensibilizzazione alla cultura della legalit\u00e0, attuata tramite una serie di incontri formativi effettuati nelle scuole messinesi dal personale della Polizia di Stato, dell\u2019Arma dei Carabinieri e della Guardia di Finanza.<div id=\"videoincontent\" style=\"clear:both\";><\/div><\/p>\n\n\n\n<p>Nel corso dell\u2019incontro, cui ha partecipato anche l\u2019assessore alle politiche giovanili del comune di Messina, Liana Cannata, la quale ha evidenziato la presenza dei centri socio educativi dislocati sul territorio comunale e di un ulteriore centro per la famiglia che verr\u00e0 istituito a breve, \u00e8 stato ritenuto fondamentale, infine, il ruolo delle famiglie e delle scuole, cio\u00e8 i primi contesti sociali in cui \u00e8 necessario promuovere una maggiore consapevolezza dei ragazzi e delle ragazze in ordine alla percezione di comportamenti che sottendono i fenomeni di bullismo. Al fine di far fronte alla problematica in questione, sono stati esposti dai referenti intervenuti diverse criticit\u00e0 che necessitano di appositi piani di sensibilizzazione e di prevenzione dei fenomeni di bullismo e di cyberbullismo, ma anche molti spunti di riflessione per intraprendere efficaci azioni di contrasto.<\/p>\n\n\n\n<p>In conclusione, il Prefetto ha invitato gli intervenuti ad un successivo incontro a carattere operativo, che si terr\u00e0 nelle prossime settimane, in vista del quale ognuna delle parti avr\u00e0 il compito di redigere e inviare le schede del progetto con le proprie proposte, relative alle azioni di contrasto di competenza di ogni Amministrazione, al fine di predisporre il piano di azione provinciale che tenga conto di tutti i bisogni prioritari emersi dallo studio del fenomeno.<\/p>\n","protected":false},"excerpt":{"rendered":"<p>Fare il punto della situazione sull&#8217;attuazione del protocollo d&#8217;intesa volto a promuovere la prevenzione e il contrasto dei fenomeni di bullismo, cybrerbullismo e devianze giovanili, siglato nel giugno 2022. Nella riunione, presieduta dal prefetto Cosima Di Stani, sono stati richiamati alcuni recenti episodi di cronaca che hanno destato particolare allarme sociale, poich\u00e9 coinvolgenti minorenni, protagonisti [&hellip;]<\/p>\n","protected":false},"author":8,"featured_media":189701,"comment_status":"open","ping_status":"open","sticky":false,"template":"","format":"standard","meta":{"ub_ctt_via":"","_mi_skip_tracking":false},"categories":[5],"tags":[2155,953,28],"featured_image_src":"https:\/\/www.messinaoggi.it\/website\/wp-content\/uploads\/2024\/03\/IMG-20240304-WA0009.jpg","author_info":{"display_name":"red..me","author_link":"https:\/\/www.messinaoggi.it\/website\/author\/redstage\/"},"digistream_id":0,"digistream":false,"_links":{"self":[{"href":"https:\/\/www.messinaoggi.it\/website\/wp-json\/wp\/v2\/posts\/189700"}],"collection":[{"href":"https:\/\/www.messinaoggi.it\/website\/wp-json\/wp\/v2\/posts"}],"about":[{"href":"https:\/\/www.messinaoggi.it\/website\/wp-json\/wp\/v2\/types\/post"}],"author":[{"embeddable":true,"href":"https:\/\/www.messinaoggi.it\/website\/wp-json\/wp\/v2\/users\/8"}],"replies":[{"embeddable":true,"href":"https:\/\/www.messinaoggi.it\/website\/wp-json\/wp\/v2\/comments?post=189700"}],"version-history":[{"count":1,"href":"https:\/\/www.messinaoggi.it\/website\/wp-json\/wp\/v2\/posts\/189700\/revisions"}],"predecessor-version":[{"id":189702,"href":"https:\/\/www.messinaoggi.it\/website\/wp-json\/wp\/v2\/posts\/189700\/revisions\/189702"}],"wp:featuredmedia":[{"embeddable":true,"href":"https:\/\/www.messinaoggi.it\/website\/wp-json\/wp\/v2\/media\/189701"}],"wp:attachment":[{"href":"https:\/\/www.messinaoggi.it\/website\/wp-json\/wp\/v2\/media?parent=189700"}],"wp:term":[{"taxonomy":"category","embeddable":true,"href":"https:\/\/www.messinaoggi.it\/website\/wp-json\/wp\/v2\/categories?post=189700"},{"taxonomy":"post_tag","embeddable":true,"href":"https:\/\/www.messinaoggi.it\/website\/wp-json\/wp\/v2\/tags?post=189700"}],"curies":[{"name":"wp","href":"https:\/\/api.w.org\/{rel}","templated":true}]}}