{"id":189687,"date":"2024-03-05T00:07:59","date_gmt":"2024-03-04T23:07:59","guid":{"rendered":"https:\/\/www.messinaoggi.it\/website\/2024\/03\/04\/chico-forti-tajani-tra-qualche-settimana-il-rientro-in-italia\/"},"modified":"2024-03-05T10:19:19","modified_gmt":"2024-03-05T09:19:19","slug":"chico-forti-tajani-tra-qualche-settimana-il-rientro-in-italia","status":"publish","type":"post","link":"https:\/\/www.messinaoggi.it\/website\/2024\/03\/05\/chico-forti-tajani-tra-qualche-settimana-il-rientro-in-italia\/","title":{"rendered":"Chico Forti, Tajani \u201cTra qualche settimana il rientro in Italia\u201d"},"content":{"rendered":"<div>ROMA (ITALPRESS) &#8211; &#8220;La trattativa doveva essere condotta su due fronti con il Governo di Washington e Florida, serviva una doppia autorizzazione, c&#8217;\u00e8 spato un rimpallo e bisognava aspettare la firma, noi abbiamo avuto la pazienza di attendere&#8221;. Cos\u00ec il vicepresidente del Consiglio e ministro degli Affari Esteri e Cooperazione Internazionale, Antonio Tajani, a Tg2 Post in riferimento al ritorno in Italia di Chico Forti dopo la firma <br \/>dell&#8217;autorizzazione al trasferimento. &#8220;Gi\u00e0 un anno fa sembrava fatta, poi si \u00e8 rallentata la provedura. In silenzio abbiamo continuato a lavorare con l&#8217;ambasciata e il presidente del Consiglio. Ci vorr\u00e0 ancora qualche settimana per i tempi burocratici ma scontre la pena in Italia sar\u00e0 tutta un&#8217;altra cosa. Potrebbe avere la libert\u00e0 vigilata? Intanto manterreno l&#8217;impegno con gli Stati Uniti, rester\u00e0 detenuto. E&#8217; stata una vicenda, controversa, poco chiara per un un omicidio del quale si \u00e8 sempre dichiarato innocente&#8221;.<div id=\"div-gpt-ad-Messinaoggi.it-DSK-300x250-corpoart\" style=\"text-align:center;margin:0 auto;\"><\/div><\/p>\n<p>&#8211; Foto: Agenzia Fotogramma &#8211; <div id=\"videoincontent\" style=\"clear:both\";><\/div><\/p>\n<p>(ITALPRESS).<\/p><\/div>\n","protected":false},"excerpt":{"rendered":"<p>ROMA (ITALPRESS) &#8211; &#8220;La trattativa doveva essere condotta su due fronti con il Governo di Washington e Florida, serviva una doppia autorizzazione, c&#8217;\u00e8 spato un rimpallo e bisognava aspettare la firma, noi abbiamo avuto la pazienza di attendere&#8221;. Cos\u00ec il vicepresidente del Consiglio e ministro degli Affari Esteri e Cooperazione Internazionale, Antonio Tajani, a Tg2 [&hellip;]<\/p>\n","protected":false},"author":18,"featured_media":189688,"comment_status":"closed","ping_status":"closed","sticky":false,"template":"","format":"standard","meta":{"ub_ctt_via":"","_mi_skip_tracking":false},"categories":[446,4],"tags":[783],"featured_image_src":"https:\/\/www.messinaoggi.it\/website\/wp-content\/uploads\/2024\/03\/20240304_2261.jpg","author_info":{"display_name":"Admin","author_link":"https:\/\/www.messinaoggi.it\/website\/author\/admin\/"},"digistream_id":0,"digistream":false,"_links":{"self":[{"href":"https:\/\/www.messinaoggi.it\/website\/wp-json\/wp\/v2\/posts\/189687"}],"collection":[{"href":"https:\/\/www.messinaoggi.it\/website\/wp-json\/wp\/v2\/posts"}],"about":[{"href":"https:\/\/www.messinaoggi.it\/website\/wp-json\/wp\/v2\/types\/post"}],"author":[{"embeddable":true,"href":"https:\/\/www.messinaoggi.it\/website\/wp-json\/wp\/v2\/users\/18"}],"replies":[{"embeddable":true,"href":"https:\/\/www.messinaoggi.it\/website\/wp-json\/wp\/v2\/comments?post=189687"}],"version-history":[{"count":1,"href":"https:\/\/www.messinaoggi.it\/website\/wp-json\/wp\/v2\/posts\/189687\/revisions"}],"predecessor-version":[{"id":189713,"href":"https:\/\/www.messinaoggi.it\/website\/wp-json\/wp\/v2\/posts\/189687\/revisions\/189713"}],"wp:featuredmedia":[{"embeddable":true,"href":"https:\/\/www.messinaoggi.it\/website\/wp-json\/wp\/v2\/media\/189688"}],"wp:attachment":[{"href":"https:\/\/www.messinaoggi.it\/website\/wp-json\/wp\/v2\/media?parent=189687"}],"wp:term":[{"taxonomy":"category","embeddable":true,"href":"https:\/\/www.messinaoggi.it\/website\/wp-json\/wp\/v2\/categories?post=189687"},{"taxonomy":"post_tag","embeddable":true,"href":"https:\/\/www.messinaoggi.it\/website\/wp-json\/wp\/v2\/tags?post=189687"}],"curies":[{"name":"wp","href":"https:\/\/api.w.org\/{rel}","templated":true}]}}