{"id":18946,"date":"2018-05-04T22:31:43","date_gmt":"2018-05-04T20:31:43","guid":{"rendered":"http:\/\/www.messinaoggi.it\/website\/?p=18946"},"modified":"2018-05-04T22:31:43","modified_gmt":"2018-05-04T20:31:43","slug":"de-luca-ingaggia-crespi-sara-candidato-al-consiglio","status":"publish","type":"post","link":"https:\/\/www.messinaoggi.it\/website\/2018\/05\/04\/de-luca-ingaggia-crespi-sara-candidato-al-consiglio\/","title":{"rendered":"De Luca &quot;ingaggia&quot; Crespi. Sar\u00e0 candidato al Consiglio"},"content":{"rendered":"<p>\u00abNon deve pi\u00f9 accadere che ventimila giovani lascino la citt\u00e0, devono costruire qui il loro futuro avendo anche loro un\u2019occasione. Mi candido perch\u00e9 mi sono sempre occupato dei ragazzi e voglio trasmettere loro alcuni valori come il rispetto per la patria, per la loro terra e le sue tradizioni. Voglio ricordare loro il rispetto per il prossimo, contro l\u2019emarginazione sociale e l\u2019indifferenza\u00bb.<br \/>\nIl noto attore messinese\u00a0Lorenzo Crespi, protagonista di numerosi film e fiction, annuncia cos\u00ec la sua candidatura al consiglio comunale di Messina con il candidato sindaco on. Cateno De Luca nella lista Giovani per De Luca.<br \/>\n\u00abMi candido con Cateno &#8211; prosegue Crespi &#8211; perch\u00e9 credo nel suo progetto per dare finalmente una svolta alla mia citt\u00e0 e farla rinascere, voglio che nessuno pi\u00f9 resti indietro. Tutti devono poter avere una possibilit\u00e0 e anche i familiari di chi \u00e8 vissuto in situazioni complicate devono poter lavorare e non devono essere lasciati soli dalle Istituzioni. Credo sia giusto prima pensare a chi \u00e8 nato in un determinato territorio e poi agli altri per evitare che molti giovani abbandonino la citta\u00bb.<div id=\"div-gpt-ad-Messinaoggi.it-DSK-300x250-corpoart\" style=\"text-align:center;margin:0 auto;\"><\/div><\/p>\n<div id=\"rcsad_Bottom1\" data-google-query-id=\"CL7jtfry7NoCFVVIGwod9AsDIQ\">\n<div id=\"google_ads_iframe_\/35821442\/lasicilia.it\/politica\/Bottom1_0__container__\">\u00abCateno &#8211; aggiunge Crespi &#8211; \u00e8\u00a0una persona straordinaria anche a Roma mi hanno parlato bene di lui. \u00c8 l\u2019uomo giusto per far diventare finalmente protagonista Messina\u00bb.<\/div>\n<\/div>\n<p>\u00abSono felice &#8211; spiega Cateno\u00a0De Luca &#8211; di avere capolista, nella nostra lista Giovani per De Luca, Lorenzo Crespi che \u00e8 un grande artista ed un esempio per tante giovani. \u00c8 molto generoso da parte sua volersi dedicarsi al prossimo e spendersi per dare consigli ai ragazzi che vivono in condizioni difficili\u00bb.<div id=\"videoincontent\" style=\"clear:both\";><\/div><\/p>\n","protected":false},"excerpt":{"rendered":"<p>\u00abNon deve pi\u00f9 accadere che ventimila giovani lascino la citt\u00e0, devono costruire qui il loro futuro avendo anche loro un\u2019occasione. Mi candido perch\u00e9 mi sono sempre occupato dei ragazzi e voglio trasmettere loro alcuni valori come il rispetto per la patria, per la loro terra e le sue tradizioni. Voglio ricordare loro il rispetto per [&hellip;]<\/p>\n","protected":false},"author":2,"featured_media":16595,"comment_status":"closed","ping_status":"open","sticky":false,"template":"","format":"standard","meta":{"ub_ctt_via":"","_mi_skip_tracking":false},"categories":[4],"tags":[],"featured_image_src":"https:\/\/www.messinaoggi.it\/website\/wp-content\/uploads\/2018\/03\/crespi-1.png","author_info":{"display_name":"Redazione","author_link":"https:\/\/www.messinaoggi.it\/website\/author\/redazione\/"},"digistream_id":0,"digistream":false,"_links":{"self":[{"href":"https:\/\/www.messinaoggi.it\/website\/wp-json\/wp\/v2\/posts\/18946"}],"collection":[{"href":"https:\/\/www.messinaoggi.it\/website\/wp-json\/wp\/v2\/posts"}],"about":[{"href":"https:\/\/www.messinaoggi.it\/website\/wp-json\/wp\/v2\/types\/post"}],"author":[{"embeddable":true,"href":"https:\/\/www.messinaoggi.it\/website\/wp-json\/wp\/v2\/users\/2"}],"replies":[{"embeddable":true,"href":"https:\/\/www.messinaoggi.it\/website\/wp-json\/wp\/v2\/comments?post=18946"}],"version-history":[{"count":0,"href":"https:\/\/www.messinaoggi.it\/website\/wp-json\/wp\/v2\/posts\/18946\/revisions"}],"wp:featuredmedia":[{"embeddable":true,"href":"https:\/\/www.messinaoggi.it\/website\/wp-json\/wp\/v2\/media\/16595"}],"wp:attachment":[{"href":"https:\/\/www.messinaoggi.it\/website\/wp-json\/wp\/v2\/media?parent=18946"}],"wp:term":[{"taxonomy":"category","embeddable":true,"href":"https:\/\/www.messinaoggi.it\/website\/wp-json\/wp\/v2\/categories?post=18946"},{"taxonomy":"post_tag","embeddable":true,"href":"https:\/\/www.messinaoggi.it\/website\/wp-json\/wp\/v2\/tags?post=18946"}],"curies":[{"name":"wp","href":"https:\/\/api.w.org\/{rel}","templated":true}]}}