{"id":18941,"date":"2018-05-04T19:07:35","date_gmt":"2018-05-04T17:07:35","guid":{"rendered":"http:\/\/www.messinaoggi.it\/website\/?p=18941"},"modified":"2018-05-04T19:07:35","modified_gmt":"2018-05-04T17:07:35","slug":"citta-di-taormina-il-foscolo-organizza-concorso-musicale","status":"publish","type":"post","link":"https:\/\/www.messinaoggi.it\/website\/2018\/05\/04\/citta-di-taormina-il-foscolo-organizza-concorso-musicale\/","title":{"rendered":"&quot;Citt\u00e0 di Taormina&quot;, il &quot;Foscolo&quot; organizza concorso musicale"},"content":{"rendered":"<p>L\u2019Istituto comprensivo n\u00b0 1 \u201cFoscolo\u201d di Taormina organizza la seconda edizione del Concorso musicale nazionale \u201cCitt\u00e0 di Taormina\u201d, rivolto a tutte le scuole medie ad indirizzo musicale e non, ai licei musicali e alle scuole secondarie di II grado ubicate sul territorio nazionale.<br \/>\nL\u2019iniziativa ha come obiettivo primario la diffusione della conoscenza e della pratica musicale strumentale, concepita come forma di arricchimento culturale, nonch\u00e9 occasione di incontro, di conoscenze e di esperienze tra ragazzi provenienti da realt\u00e0 scolastiche diverse, ma uniti dalla passione per la musica.<br \/>\nLa musica,l come strumento di inclusione e integrazione: un Istituto Comprensivo sede di un Corso ad indirizzo musicale possiede una preziosa risorsa che ne arricchisce la valenza di agenzia culturale sul territorio in quanto la musica aggrega energie propulsive esistenti nella scuola e d\u00e0 un contributo ad un\u2019azione di integrazione e di contrasto al disagio giovanile.<br \/>\nLe prove concorsuali e la manifestazione per la premiazione finale si terranno nei giorni 7, 8, 9, 10 e 11 maggio 2018 nella sede di Taormina e presso il centro polifunzionale di Letojanni.<br \/>\nLa cerimonia di premiazione finale, in data 11 maggio 2018, vedr\u00e0 coinvolti, sul palco del Palazzo dei Congressi di Taormina, oltre i primi premi assoluti di tutte le sezioni, anche le migliori orchestre, i gruppi da camera e i cori distintesi durante le prove.<br \/>\nUn sentito ringraziamento va a tutti gli Enti e le Associazioni che hanno contribuito alla realizzazione del concorso, in particolare:<br \/>\n&#8211; Al sindaco di Taormina e all\u2019assessore Cilona, per la concessione del Palacongressi nella serata dell\u201911 maggio, per la cerimonia di Premiazione;<br \/>\n&#8211; Al sindaco di Letojanni per aver messo a disposizione delle commissioni esaminatrici e delle orchestre il Centro polifunzionale;<br \/>\n&#8211; Alle associazioni che hanno contribuito con il concorso di idee, relazioni e premi:<br \/>\n\u2022 Rotary Club \u2013 Presidente Dott. Antonino Marcian\u00f2<br \/>\n\u2022 FIDAPA \u2013 Presidente Dott.ssa Antonella Gallodoro<br \/>\n\u2022 Associazione Albergatori \u2013 Presidente Italo Mannella<br \/>\n\u2022 UNESCO \u2013 Presidente Tindaro Toscano<br \/>\n\u2022 La Camera di Commercio di Messina<br \/>\n\u2022 Direttore del Conservatorio \u201cA. Corelli\u201d di Messina \u2013 Maestro Antonio Averna<br \/>\n\u2022 Tao Arte \u2013 Dott. Antonino Panzera e Dott.ssa Francesca Cannav\u00f2<br \/>\n\u2022 Direttori Artistici Prof.ssa Rossella Canna\u00f2 e Prof. Maurizio Gullotta insieme a tutto lo staff della scuola.<br \/>\nGrande soddisfazione \u00e8 ststa espressa dal Dirigente scolastico, Prof.ssa Carla Santoro: \u201cLa nostra \u00e8 una scuola ad indirizzo musicale, che investe tanto nella musica, perch\u00e9 la formazione musicale delle giovani generazioni \u00e8 un aspetto fondamentale nella creazione del capitale umano della nostra societ\u00e0, non soltanto per le competenze disciplinari acquisite ma anche per quelle relazionali e sociali. La musica \u00e8 un passepartout che apre tutte le porte e che unisce i giovani pi\u00f9 di quanto non facciano i social o la rete.<br \/>\nNoi siamo giustamente orgogliosi della nostra orchestra, vincitrice di numerosi premi nazionali e internazionali ed \u00e8 anche per questo che vogliamo richiamare nel territorio cittadino tutti i giovani talenti che possono essere, domani, nel mondo, ambasciatori della citt\u00e0.<br \/>\nQuesto \u00e8 il contributo che noi vogliamo dare a Taormina, che da sempre \u00e8 culla di cultura, musica e arte, trasformando una pratica didattica in un evento che si ripete ogni anno, in modo tale che le giovani generazioni possano raccogliere l\u2019eredit\u00e0 dei padri, rilanciandola ed incrementandola\u201d.<br \/>\nLa dirigente aggiunge: \u201cRivolgo un ringraziamento particolare al presidente del Conservatorio di Messina, Dott Giuseppe Ministeri, per il grande contributo dato al Concorso, per il supporto organizzativo e soprattutto perch\u00e9 continua ad impegnarsi anche nel territorio con la proposta di apertura di una sezione del Conservatorio a Taormina. Sarebbe bello se la politica taorminese facesse propria questa idea, per dare un senso di continuit\u00e0 al nostro lavoro, ma soprattutto perch\u00e9 \u00e8 un\u2019iniziativa che dar\u00e0 certamente lustro alla citt\u00e0\u201d.<div id=\"div-gpt-ad-Messinaoggi.it-DSK-300x250-corpoart\" style=\"text-align:center;margin:0 auto;\"><\/div><\/p>\n<div id=\"videoincontent\" style=\"clear:both\";><\/div>","protected":false},"excerpt":{"rendered":"<p>L\u2019Istituto comprensivo n\u00b0 1 \u201cFoscolo\u201d di Taormina organizza la seconda edizione del Concorso musicale nazionale \u201cCitt\u00e0 di Taormina\u201d, rivolto a tutte le scuole medie ad indirizzo musicale e non, ai licei musicali e alle scuole secondarie di II grado ubicate sul territorio nazionale. L\u2019iniziativa ha come obiettivo primario la diffusione della conoscenza e della pratica [&hellip;]<\/p>\n","protected":false},"author":4,"featured_media":18942,"comment_status":"closed","ping_status":"open","sticky":false,"template":"","format":"standard","meta":{"ub_ctt_via":"","_mi_skip_tracking":false},"categories":[3],"tags":[],"featured_image_src":"https:\/\/www.messinaoggi.it\/website\/wp-content\/uploads\/2018\/05\/IMG-20180504-WA0007-1.jpg","author_info":{"display_name":"redme","author_link":"https:\/\/www.messinaoggi.it\/website\/author\/redme\/"},"digistream_id":0,"digistream":false,"_links":{"self":[{"href":"https:\/\/www.messinaoggi.it\/website\/wp-json\/wp\/v2\/posts\/18941"}],"collection":[{"href":"https:\/\/www.messinaoggi.it\/website\/wp-json\/wp\/v2\/posts"}],"about":[{"href":"https:\/\/www.messinaoggi.it\/website\/wp-json\/wp\/v2\/types\/post"}],"author":[{"embeddable":true,"href":"https:\/\/www.messinaoggi.it\/website\/wp-json\/wp\/v2\/users\/4"}],"replies":[{"embeddable":true,"href":"https:\/\/www.messinaoggi.it\/website\/wp-json\/wp\/v2\/comments?post=18941"}],"version-history":[{"count":0,"href":"https:\/\/www.messinaoggi.it\/website\/wp-json\/wp\/v2\/posts\/18941\/revisions"}],"wp:featuredmedia":[{"embeddable":true,"href":"https:\/\/www.messinaoggi.it\/website\/wp-json\/wp\/v2\/media\/18942"}],"wp:attachment":[{"href":"https:\/\/www.messinaoggi.it\/website\/wp-json\/wp\/v2\/media?parent=18941"}],"wp:term":[{"taxonomy":"category","embeddable":true,"href":"https:\/\/www.messinaoggi.it\/website\/wp-json\/wp\/v2\/categories?post=18941"},{"taxonomy":"post_tag","embeddable":true,"href":"https:\/\/www.messinaoggi.it\/website\/wp-json\/wp\/v2\/tags?post=18941"}],"curies":[{"name":"wp","href":"https:\/\/api.w.org\/{rel}","templated":true}]}}